{"id":22960,"date":"2025-03-25T17:35:03","date_gmt":"2025-03-25T20:35:03","guid":{"rendered":"https:\/\/freewalkertours.com\/blog\/lugares-historicos-rio-de-kan\/"},"modified":"2025-06-30T17:59:49","modified_gmt":"2025-06-30T20:59:49","slug":"lugares-historicos-rio-de-kan","status":"publish","type":"post","link":"https:\/\/freewalkertours.com\/pt-br\/lugares-historicos-rio-de-kan\/","title":{"rendered":"Lugares hist\u00f3ricos do Rio de Janeiro"},"content":{"rendered":"<p>O Rio de Janeiro \u00e9 um dos locais mais ricos do Brasil quando falamos de cultura e hist\u00f3ria. A cidade que permaneceu capital do Brasil por mais tempo. A cidade que recebeu a fam\u00edlia real portuguesa em 1808, e mais tarde tornou-se a \u00fanica das am\u00e9ricas a ser capital de um reino europeu. Essa rica hist\u00f3ria fez com que muitos pr\u00e9dios importantes fossem erguidos. Infelizmente o Rio demoliu grande parte de seu estilo colonial, por\u00e9m algumas constru\u00e7\u00f5es foram preservadas. Nesse post vamos falar desses<strong> lugares hist\u00f3ricos do Rio de Janeiro<\/strong><\/p>\n<h2>\u00a0Centro do Rio de Janeiro<\/h2>\n<p>Esse \u00e9 o local com maior concentra\u00e7\u00e3o de lugares hist\u00f3ricos do Rio de Janeiro. Na \u00e9poca em que os portugueses chegaram ao Rio invas\u00f5es piratas eram comuns, por isso a seguran\u00e7a da cidade precisava ser refor\u00e7ada. Eles inicialmente se estabeleceram na Urca, pr\u00f3ximo ao P\u00e3o de A\u00e7\u00facar, por\u00e9m ao perceber o perigo das invas\u00f5es piratas mudaram-se para o Centro, onde existiam quatro morros (Morro do Castelo, Morro de S\u00e3o Bento, Morro da Concei\u00e7\u00e3o e Morro de Santo Ant\u00f4nio) que faziam a prote\u00e7\u00e3o geogr\u00e1fica natural da cidade.<\/p>\n<p>A\u00ed vai uma lista de lugares hist\u00f3ricos que ainda existem na regi\u00e3o:<\/p>\n<h3>Pa\u00e7o Imperial<\/h3>\n<p>Constru\u00eddo para ser a resid\u00eancia dos governadores da Capitania do Rio de Janeiro. Com a chegada da fam\u00edlia real portuguesa em 1808 o local foi promovido a Pa\u00e7o Real e virou resid\u00eancia da fam\u00edlia real portuguesa. Com a independ\u00eancia do Brasil o local foi promovido a Pa\u00e7o Imperial, foi nessa \u00e9poca que nesse local aconteceu o dia do Fico e a assinatura da Lei Aurea. Pela sua import\u00e2ncia hist\u00f3rica e est\u00e9tica, o pa\u00e7o imperial \u00e9 considerado um dos mais importantes edif\u00edcios civis coloniais do Brasil.<br \/>\nSaiba mais sobre o <a href=\"https:\/\/freewalkertours.com\/pt-br\/paco-imperial\/\">Pa\u00e7o Imperial<\/a><\/p>\n<p><img fetchpriority=\"high\" decoding=\"async\" class=\"alignnone size-full wp-image-15878\" src=\"https:\/\/freewalkertours.com\/wp-content\/uploads\/2025\/03\/Paco-Imperial-1.jpg\" alt=\"pa\u00e7o-imperial\" width=\"500\" height=\"374\" \/><\/p>\n<h3>Arcos da Lapa<\/h3>\n<p>A cidade do Rio de Janeiro tinha problemas com o abastecimento de \u00e1gua. Para resolver esse problema, foram erguidos os arcos da lapa, que levava \u00e1gua do Rio Carioca at\u00e9 o Largo da Carioca. Hoje o local \u00e9 um dos principais pontos tur\u00edsticos da Lapa e tamb\u00e9m da cidade.<br \/>\nDescubra tudo sobre os<a href=\"https:\/\/freewalkertours.com\/pt-br\/arcos-da-lapa-rio-de-janeiro\/\"> Arcos da Lapa<\/a> nesse texto<\/p>\n<p><img decoding=\"async\" class=\"alignnone size-full wp-image-15881\" src=\"https:\/\/freewalkertours.com\/wp-content\/uploads\/2025\/03\/arcos-da-lapa.jpg\" alt=\"arcos-da-lapa\" width=\"370\" height=\"247\" \/><\/p>\n<h3>Igrejas<\/h3>\n<p>O Centro do Rio de Janeiro est\u00e1 rodeado de igrejas incr\u00edveis. Isso porque al\u00e9m do fato da popula\u00e7\u00e3o ser muito cat\u00f3lica, as igrejas eram divididas de acordo com a classe e cor de quem a frequentava. Abaixo algumas fotos das mais bonitas igrejas do Centro do Rio de Janeiro<\/p>\n<p><img decoding=\"async\" class=\"size-medium wp-image-15884\" style=\"font-weight: bold; color: #666666; font-size: 0.8125rem; font-style: italic;\" src=\"https:\/\/freewalkertours.com\/wp-content\/uploads\/2025\/03\/Mosteiro-de-sao-bento-600x369-1.jpg\" alt=\"mosteiro-de-sao-bento\" width=\"600\" height=\"369\" \/><\/p>\n<p>Mosteiro de S\u00e3o Bento<\/p>\n<figure id=\"attachment_15887\" aria-describedby=\"caption-attachment-15887\" style=\"width: 600px\" class=\"wp-caption alignnone\"><img loading=\"lazy\" decoding=\"async\" class=\"size-medium wp-image-15887\" src=\"https:\/\/freewalkertours.com\/wp-content\/uploads\/2025\/03\/Igreja-Sao-Francisco-da-Penitencia-600x450-1.jpg\" alt=\"igreja-s\u00e3o-francisco-da-penitencia\" width=\"600\" height=\"450\" \/><figcaption id=\"caption-attachment-15887\" class=\"wp-caption-text\">Igreja S\u00e3o Francisco da Penit\u00eancia<\/figcaption><\/figure>\n<figure id=\"attachment_15890\" aria-describedby=\"caption-attachment-15890\" style=\"width: 600px\" class=\"wp-caption alignnone\"><img loading=\"lazy\" decoding=\"async\" class=\"size-medium wp-image-15890\" src=\"https:\/\/freewalkertours.com\/wp-content\/uploads\/2025\/03\/nossa-senhora-da-fe-do-antigo-carmo-600x400-1.jpg\" alt=\"Igreja-nossa-senhora-do-monte-carmo\" width=\"600\" height=\"400\" \/><figcaption id=\"caption-attachment-15890\" class=\"wp-caption-text\">Igreja Nossa Senhora do Monte Carmo<\/figcaption><\/figure>\n<figure id=\"attachment_15893\" aria-describedby=\"caption-attachment-15893\" style=\"width: 464px\" class=\"wp-caption alignnone\"><img loading=\"lazy\" decoding=\"async\" class=\"size-medium wp-image-15893\" src=\"https:\/\/freewalkertours.com\/wp-content\/uploads\/2025\/03\/Igreja-Nossa-Senhora-do-Carmo-da-Terceira-Ordem-464x600-1.jpg\" alt=\"Igreja-Nossa-Senhora-da-Lapa-dos-Mercadores\" width=\"464\" height=\"600\" \/><figcaption id=\"caption-attachment-15893\" class=\"wp-caption-text\">Igreja Nossa Senhora da Lapa dos Mercadores<\/figcaption><\/figure>\n<p>\u00a0<\/p>\n<h3>Travessa do Com\u00e9rcio<\/h3>\n<p>Essa charmosa rua, fechada para o movimento de carros, \u00e9 uma das \u00fanicas do Centro preservou os casar\u00f5es coloniais do Rio de Janeiro. A entrada a Rua se d\u00e1 pelos <a href=\"https:\/\/freewalkertours.com\/pt-br\/arco-do-telles\/\">Arcos do Telles<\/a>.<\/p>\n<p><img loading=\"lazy\" decoding=\"async\" class=\"alignnone size-medium wp-image-15899\" src=\"https:\/\/freewalkertours.com\/wp-content\/uploads\/2025\/03\/Travessa-do-comercio-1-600x397-1.jpg\" alt=\"Travessa-do-com\u00e9rcio\" width=\"600\" height=\"397\" \/><\/p>\n<h3>Arco do Telles<\/h3>\n<p>Quando se iniciou a constru\u00e7\u00e3o da casa da fam\u00edlia Telles percebeu-se que ela fecharia completamente o acesso a Travessa do Com\u00e9rcio. A solu\u00e7\u00e3o foi ent\u00e3o construir um arco bem no meio do pr\u00e9dio.<\/p>\n<p><img loading=\"lazy\" decoding=\"async\" class=\"alignnone size-medium wp-image-15896\" src=\"https:\/\/freewalkertours.com\/wp-content\/uploads\/2025\/03\/Rio-ArcoTeles-600x450-1.jpg\" alt=\"Arco-do-Telles\" width=\"600\" height=\"450\" \/><\/p>\n<h3>Confeitaria Colombo<\/h3>\n<p>A Confeitaria Colombo era um local de sofistica\u00e7\u00e3o e modernidade, nas ruas iluminadas com lamparinas a g\u00e1s, os bondes e o movimento intenso nas ruas do Centro era a marca daquela \u00e9poca. Os detalhes no interior da confeitaria s\u00e3o bem interessantes e s\u00e3o constru\u00eddos com pe\u00e7as de v\u00e1rias partes do mundo. Aqui frequentaram pessoas importantes para hist\u00f3ria do nosso pa\u00eds como o presidente Get\u00falio Vargas e o presidente Juscelino Kubistchek.<br \/>\nLeia os detalhes sobre a Confeitaria Colombo <a href=\"https:\/\/freewalkertours.com\/pt-br\/confeitaria-colombo\/\">aqui<\/a>!<\/p>\n<p><img loading=\"lazy\" decoding=\"async\" class=\"alignnone size-medium wp-image-15902\" src=\"https:\/\/freewalkertours.com\/wp-content\/uploads\/2025\/03\/Confeitaria-colombo-1-600x452-1.jpg\" alt=\"Confeitaria-colombo\" width=\"600\" height=\"452\" \/><\/p>\n<h3>Pal\u00e1cio Tiradentes<\/h3>\n<p>\u00a0<\/p>\n<p>Esse lindo pal\u00e1cio foi constru\u00eddo para ser sede do congresso nacional. Entre os anos de 1926 e 1960 todos os presidentes que tomaram posse, tomaram neste local.<\/p>\n<h3><img loading=\"lazy\" decoding=\"async\" class=\"alignnone size-medium wp-image-15905\" src=\"https:\/\/freewalkertours.com\/wp-content\/uploads\/2025\/03\/197843738_4200770483312813_5767718821599968749_n-600x600-1.jpg\" alt=\"Palacio-tiradentes\" width=\"600\" height=\"600\" \/><\/h3>\n<h3>Real Gabinete Portugu\u00eas de Literatura<\/h3>\n<p>Eleita a 4\u00aa biblioteca mais linda do mundo em 2014 pela revista Time, o local \u00e9 uma institui\u00e7\u00e3o que tem com o objetivo preservar a hist\u00f3ria de Portugal no Brasil.<br \/>\n<a href=\"https:\/\/freewalkertours.com\/pt-br\/real-gabinete-portugues-de-leitura\/\">Leia mais sobre o Real Gabinete Portugu\u00eas de literatura<\/a><\/p>\n<p><img loading=\"lazy\" decoding=\"async\" class=\"alignnone size-medium wp-image-15908\" src=\"https:\/\/freewalkertours.com\/wp-content\/uploads\/2025\/03\/real-gabinete-portugues-de-literatura-600x450-1.jpg\" alt=\"real-gabinete-portugues-de-literatura\" width=\"600\" height=\"450\" \/><\/p>\n<h3>Centro Cultural Banco do Brasil (CCBB)<\/h3>\n<p>Um dos Centros Culturais mais importantes do Brasil. Constru\u00eddo para ser sede da Associa\u00e7\u00e3o Comercial do Rio de Janeiro, tornou-se depois sede do Banco do Brasil. Em 1960, quando a capital foi transferida para Bras\u00edlia o local tornou-se em uma luxuosa ag\u00eancia. Vinte anos depois o local se tornou um Centro Cultural.<\/p>\n<p>Se voc\u00ea quiser sentir-se no passado e mergulhar na hist\u00f3ria do Centro do Rio de Janeiro de uma forma leve e descontra\u00edda, n\u00e3o deixe de participar do nosso <a href=\"https:\/\/freewalkertours.com\/pt-br\/rio-de-janeiro\/passeios\/free-walking-tour-centro-e-lapa\/\">free walking tour do Centro e da Lapa.<\/a><\/p>\n<p><img loading=\"lazy\" decoding=\"async\" class=\"alignnone size-medium wp-image-15911\" src=\"https:\/\/freewalkertours.com\/wp-content\/uploads\/2025\/03\/Centro-cultural-banco-do-brasil-600x397-1.jpg\" alt=\"Centro-cultural-banco-do-brasil\" width=\"600\" height=\"397\" \/><\/p>\n<h2>\u00a0Zona Portu\u00e1ria do Rio de Janeiro<\/h2>\n<p>Eleita recentemente um dos locais mais descolados do mundo a zona portu\u00e1ria tem grande import\u00e2ncia hist\u00f3rica, especialmente quando se fala a respeito da cultura negra no Brasil. Imagine uma \u00e1rea pequena onde est\u00e1 localizado um antigo porto de escravos, onde aconteceu o nascimento do samba, tem um museu futur\u00edstico, o maior grafite do mundo e uma caminhada em frente a praia deslumbrante! Bem-vindo a Zona Portu\u00e1ria do Rio de Janeiro!<\/p>\n<p>\u00a0<\/p>\n<h3>Cais do Valongo<\/h3>\n<p>O Cais do Valongo tem uma grande conex\u00e3o com o per\u00edodo escravocrata do Brasil. Aqui funcionou por muitos anos o porto do Rio de Janeiro, onde desembarcavam barcos pequenos que traziam os escravos, ap\u00f3s passarem na alfandega. O local tem o t\u00edtulo de patrim\u00f4nio mundial da UNESCO que considera o local um s\u00edtio arqueol\u00f3gico de mem\u00f3ria sens\u00edvel, pois remete a mem\u00f3ria de dor e sofrimento na hist\u00f3ria dos antepassados dos afrodescendentes que representa mais da metade da popula\u00e7\u00e3o brasileira. Pelo Cais do Valongo, passaram cerca de um milh\u00e3o de escravos em cerca de 40 anos, o que o tornou o maior porto receptor de escravos do mundo.<\/p>\n<p><img loading=\"lazy\" decoding=\"async\" class=\"alignnone size-medium wp-image-15914\" src=\"https:\/\/freewalkertours.com\/wp-content\/uploads\/2025\/03\/Cais-do-Valongo-600x450-1.jpg\" alt=\"cais-do-valongo\" width=\"600\" height=\"450\" \/><\/p>\n<h3>Pedra do Sal<\/h3>\n<p>Monumento hist\u00f3rico religioso de grande valor para a cultura afro-brasileira. A Pedra do Sal est\u00e1 no Morro da Concei\u00e7\u00e3o, na Pra\u00e7a Mau\u00e1 que funcionava como um antigo porto de descarga do sal por volta de 1608.<br \/>\nPela influ\u00eancia dos residentes do local e na inten\u00e7\u00e3o de preservar a mem\u00f3ria cultural do s\u00e9culo XIX, a Pedra do Sal \u00e9 considerada o \u201cBer\u00e7o do Samba\u201d. Segundo os relatos e pesquisas sobre o local os ritmos do samba e choro, estavam presentes nas festas que ali aconteciam e seguem acontecendo.<\/p>\n<p><img loading=\"lazy\" decoding=\"async\" class=\"alignnone size-medium wp-image-15917\" src=\"https:\/\/freewalkertours.com\/wp-content\/uploads\/2025\/03\/pedra-do-sal-1-600x450-1.jpg\" alt=\"pedra-do-sal\" width=\"600\" height=\"450\" \/><\/p>\n<h3>Largo de S\u00e3o Francisco da Prainha<\/h3>\n<p>Antes da constru\u00e7\u00e3o do Porto do Rio de Janeiro, existia ali uma pequena praia, que se estendia at\u00e9 onde hoje \u00e9 a Pra\u00e7a Mau\u00e1. Nas reformas de Pereira Passos, onde a cidade foi aterrada, a praia desapareceu. O largo recebeu seu nome por se localizar perto \u00e0 Igreja de S\u00e3o Francisco da Prainha<br \/>\nA regi\u00e3o era conhecida pelo encontro de zung\u00fas, locais de reuni\u00e3o de trabalhadores negros escravizados ou libertos, que se juntavam para comer, batucar ou praticar sua religi\u00e3o, possuindo bastante relev\u00e2ncia para a continua\u00e7\u00e3o cultural e religiosa de negros. No entanto, aquele zang\u00fa tamb\u00e9m era formado por homens brancos, incluindo estrangeiros, revelando as trocas culturais que existiam na cidade.<\/p>\n<p><img loading=\"lazy\" decoding=\"async\" class=\"alignnone size-medium wp-image-5450\" src=\"https:\/\/freewalkertours.com\/wp-content\/uploads\/2025\/03\/atracoes-gratuitas-no-rio-de-janeiro-free-walking-tour-600x338-1.jpg\" alt=\"atra\u00e7\u00f5es-gratuitas-no-rio-de-janeiro-free-walking-tour\" width=\"600\" height=\"338\" \/><\/p>\n<p>Quer saber mais sobre a Zona Portu\u00e1ria? Participe participar do nosso <a href=\"https:\/\/freewalkertours.com\/pt-br\/rio-de-janeiro\/passeios\/free-walking-tour-boulevard-olimpico\/\">Free Walking Tour pela regi\u00e3o<\/a><\/p>\n<h2>Quinta da boa vista<\/h2>\n<p>Com cerca de 155 mil metros quadrados, a Quinta da Boa Vista \u00e9 um dos maiores parques urbanos em solo carioca. Situado no bairro de S\u00e3o Crist\u00f3v\u00e3o, na Zona Norte do Rio, foi a resid\u00eancia da Fam\u00edlia Real Portuguesa entre 1808 a 1889, ano da Proclama\u00e7\u00e3o da Rep\u00fablica.<br \/>\nA Quinta tamb\u00e9m abriga o museu nacional a institui\u00e7\u00e3o cientifica mais antiga do Brasil que passa por uma renova\u00e7\u00e3o ap\u00f3s ser atingido por um inc\u00eandio.<\/p>\n<p><img loading=\"lazy\" decoding=\"async\" class=\"alignnone size-medium wp-image-13115\" src=\"https:\/\/freewalkertours.com\/wp-content\/uploads\/2025\/03\/Quinta_da_Boa_Vista_Palacio_de_Sao_Cristovao_Museu_Nacional_RJ-600x400-1.jpg\" alt=\"quinta-da-boa-vista\" width=\"600\" height=\"400\" \/><\/p>\n<h2>Zona Sul<\/h2>\n<p>\u00a0<\/p>\n<h3>Forte Nossa Senhora de Copacabana<\/h3>\n<p>Constru\u00eddo quando o Rio de Janeiro j\u00e1 era capital do Brasil, com o objetivo de proteger a cidade de poss\u00edveis invas\u00f5es pela baia de Guanabara. Hoje o forte abriga um museu do ex\u00e9rcito e possui uma Confeitaria Colombo, local perfeito para tomar um caf\u00e9 da manh\u00e3. A vista deixa qualquer um de queixo ca\u00eddo.<\/p>\n<p><img loading=\"lazy\" decoding=\"async\" class=\"alignnone size-medium wp-image-15920\" src=\"https:\/\/freewalkertours.com\/wp-content\/uploads\/2025\/03\/forte-nossa-senhora-de-copacabana-600x400-1.jpg\" alt=\"forte-nossa-senhora-de-copacabana\" width=\"600\" height=\"400\" \/><\/p>\n<h3>Jardim Bot\u00e2nico<\/h3>\n<p>Constru\u00eddo h\u00e1 mais que 200 anos, quando a fam\u00edlia real portuguesa veio ao Brasil, o Jardim Bot\u00e2nico \u00e9 famoso pela exuber\u00e2ncia e import\u00e2ncia de suas cole\u00e7\u00f5es de plantas, bem como pela beleza de suas paisagens.<\/p>\n<p>Saiba mais sobre o<a href=\"https:\/\/freewalkertours.com\/pt-br\/jardim-botanico-rio-de-janeiro\/\"> Jardim Bot\u00e2nico\u00a0<\/a><\/p>\n<p><img loading=\"lazy\" decoding=\"async\" class=\"alignnone size-medium wp-image-15923\" src=\"https:\/\/freewalkertours.com\/wp-content\/uploads\/2025\/03\/jardim-botanico-rio-de-janeiro-600x450-1.jpg\" alt=\"jardim-botanico-rio-de-janeiro\" width=\"600\" height=\"450\" \/><\/p>\n<h3>\u00a0Parque Lage<\/h3>\n<p>\u00a0<\/p>\n<p>O local foi resid\u00eancia de nobres e aristocratas e possui diferentes ambientes: o palacete romano, principal atra\u00e7\u00e3o e onde se tiram as famosas fotos do Instagram, parte da floresta da Tijuca, jardins, um aqu\u00e1rio e grutas. A entrada no local \u00e9 gratuita.<\/p>\n<p>Descubra mais sobre o <a href=\"https:\/\/freewalkertours.com\/pt-br\/parque-lage\/\">Parque Lage\u00a0<\/a><\/p>\n<p><img loading=\"lazy\" decoding=\"async\" class=\"alignnone size-medium wp-image-13893\" src=\"https:\/\/freewalkertours.com\/wp-content\/uploads\/2025\/03\/parque-lage3-1-600x399-1.jpg\" alt=\"parque-lage\" width=\"600\" height=\"399\" \/><\/p>\n<h3>Forte do Leme<\/h3>\n<p>O forte do Leme possui uma linda vista panor\u00e2mica do Rio de Janeiro e muita hist\u00f3ria! O acesso \u00e9 feito por uma trilha leve. A entrada \u00e9 gratuita toda ter\u00e7a-feira. Nos outros dias o valor \u00e9 R$4,00 (inteira) e R$2,00 (meia)<\/p>\n<p><img loading=\"lazy\" decoding=\"async\" class=\"alignnone size-medium wp-image-15926\" src=\"https:\/\/freewalkertours.com\/wp-content\/uploads\/2025\/03\/forte-do-leme-600x293-1.jpg\" alt=\"forte-do-leme\" width=\"600\" height=\"293\" \/><\/p>\n","protected":false},"excerpt":{"rendered":"<p>O Rio de Janeiro \u00e9 um dos locais mais ricos do Brasil quando falamos de cultura e hist\u00f3ria. A cidade que permaneceu capital do Brasil por mais tempo. A cidade que recebeu a fam\u00edlia real portuguesa em 1808, e mais tarde tornou-se a \u00fanica das am\u00e9ricas a ser capital de um reino europeu. Essa rica [&hellip;]<\/p>\n","protected":false},"author":1,"featured_media":22961,"comment_status":"open","ping_status":"open","sticky":false,"template":"","format":"standard","meta":{"_acf_changed":false,"footnotes":""},"categories":[1,44,52],"tags":[],"destino":[59],"class_list":["post-22960","post","type-post","status-publish","format-standard","has-post-thumbnail","hentry","category-fwt","category-historia-e-cultura","category-rio-de-janeiro-pt-br","destino-rio-de-janeiro"],"acf":[],"_links":{"self":[{"href":"https:\/\/freewalkertours.com\/pt-br\/wp-json\/wp\/v2\/posts\/22960","targetHints":{"allow":["GET"]}}],"collection":[{"href":"https:\/\/freewalkertours.com\/pt-br\/wp-json\/wp\/v2\/posts"}],"about":[{"href":"https:\/\/freewalkertours.com\/pt-br\/wp-json\/wp\/v2\/types\/post"}],"author":[{"embeddable":true,"href":"https:\/\/freewalkertours.com\/pt-br\/wp-json\/wp\/v2\/users\/1"}],"replies":[{"embeddable":true,"href":"https:\/\/freewalkertours.com\/pt-br\/wp-json\/wp\/v2\/comments?post=22960"}],"version-history":[{"count":1,"href":"https:\/\/freewalkertours.com\/pt-br\/wp-json\/wp\/v2\/posts\/22960\/revisions"}],"predecessor-version":[{"id":22979,"href":"https:\/\/freewalkertours.com\/pt-br\/wp-json\/wp\/v2\/posts\/22960\/revisions\/22979"}],"wp:featuredmedia":[{"embeddable":true,"href":"https:\/\/freewalkertours.com\/pt-br\/wp-json\/wp\/v2\/media\/22961"}],"wp:attachment":[{"href":"https:\/\/freewalkertours.com\/pt-br\/wp-json\/wp\/v2\/media?parent=22960"}],"wp:term":[{"taxonomy":"category","embeddable":true,"href":"https:\/\/freewalkertours.com\/pt-br\/wp-json\/wp\/v2\/categories?post=22960"},{"taxonomy":"post_tag","embeddable":true,"href":"https:\/\/freewalkertours.com\/pt-br\/wp-json\/wp\/v2\/tags?post=22960"},{"taxonomy":"destino","embeddable":true,"href":"https:\/\/freewalkertours.com\/pt-br\/wp-json\/wp\/v2\/destino?post=22960"}],"curies":[{"name":"wp","href":"https:\/\/api.w.org\/{rel}","templated":true}]}}