{"id":22943,"date":"2025-03-25T17:34:00","date_gmt":"2025-03-25T20:34:00","guid":{"rendered":"https:\/\/freewalkertours.com\/blog\/o-que-fazer-no-centro-do-rio-de-janeiro\/"},"modified":"2025-06-30T17:59:53","modified_gmt":"2025-06-30T20:59:53","slug":"o-que-fazer-no-centro-do-rio-de-janeiro","status":"publish","type":"post","link":"https:\/\/freewalkertours.com\/pt-br\/o-que-fazer-no-centro-do-rio-de-janeiro\/","title":{"rendered":"O que fazer no Centro do Rio de Janeiro?"},"content":{"rendered":"<p>O que fazer no Centro do Rio de Janeiro? A verdade \u00e9 que muita gente esquece do centro do Rio de Janeiro. A maioria dos turistas visitam os pontos mais famosos da cidade como as praias, o Bondinho do P\u00e3o de A\u00e7\u00facar e o Cristo Redentor.\u00a0Mas o Rio n\u00e3o \u00e9 s\u00f3 praias!<\/p>\n<p>Aqui tem muito mais que isso: somos uma das cidades mais ricas do Brasil quando o assunto \u00e9 cultura e hist\u00f3ria. E o Centro da cidade abriga grande parte dessa rica hist\u00f3ria e cultura. Leia o texto e descubra todos os locais imperd\u00edveis no Centro do Rio de Janeiro<\/p>\n<h2><\/h2>\n<h2>O que fazer no Centro do Rio de Janeiro &#8211; Guia Completo<\/h2>\n<h3>1) Free Walking Tour<\/h3>\n<p>Com certeza, a melhor maneira de conhecer as principais atra\u00e7\u00f5es no Centro do Rio de Janeiro \u00e9 atrav\u00e9s de um <strong><a href=\"https:\/\/freewalkertours.com\/rio-de-janeiro\/tours\/free-walking-tour-downtown-and-lapa\/\">free walking tour<\/a><\/strong> . Imagine s\u00f3 que voc\u00ea tivesse um amigo que te levasse para os principais pontos tur\u00edsticos do centro, te contasse toda a hist\u00f3ria e desse todas as dicas para voc\u00ea aproveitar o m\u00e1ximo!<\/p>\n<p><img fetchpriority=\"high\" decoding=\"async\" class=\"alignnone size-medium wp-image-5096\" src=\"https:\/\/freewalkertours.com\/wp-content\/uploads\/2025\/03\/top-10-things-to-do-in-rio-de-janeiro-free-walking-tour-1-600x400-1.jpg\" alt=\"top-10-things-to-do-in-rio-de-janeiro-free-walking-tour\" width=\"600\" height=\"400\" \/><\/p>\n<p>\u00c9 mais ou menos isso que acontece no free walking tour!\u00a0 Nesse passeio <strong>um morador apaixonado pelo Rio de Janeiro<\/strong>,\u00a0 compartilha todo seu amor pela cidade, com muito entusiasmo!\u00a0 Ao final, se voc\u00ea gostar, decide com o quanto contribuir<\/p>\n<p>O free walking tour do Rio de Janeiro passa pelos seguintes pontos: Largo da Carioca, Confeitaria Colombo, Rua do Ouvidor, Arco do Teles, Pra\u00e7a XV, Pa\u00e7o Imperial, Pal\u00e1cio Tiradentes, Museu Nacional de Belas Artes, Theatro Municipal, C\u00e2mara Municipal, Biblioteca Nacional, Arcos da Lapa e Escadaria Selar\u00f3n.<\/p>\n<p>Para saber informa\u00e7\u00f5es sobre o ponto de encontro e hor\u00e1rios do free walking tour no centro do Rio basta <a href=\"https:\/\/freewalkertours.com\/pt-br\/rio-de-janeiro\/passeios\/free-walking-tour-centro-e-lapa\/\">acessar essa p\u00e1gina<\/a><\/p>\n<p><img decoding=\"async\" class=\"alignnone size-medium wp-image-5432\" src=\"https:\/\/freewalkertours.com\/wp-content\/uploads\/2025\/03\/1931336_1064139636951217_7760706803907853249_n-2-600x338-1.jpg\" alt=\"\" width=\"600\" height=\"338\" \/><\/p>\n<h3><\/h3>\n<p>\u00a0<\/p>\n<h3>2) Igreja de S\u00e3o Francisco da Penit\u00eancia<\/h3>\n<p>A igreja de s\u00e3o Francisco da Penit\u00eancia fica ao lado do Convento de Santo Ant\u00f4nio, localizado no Largo da Carioca.\u00a0Olhando de fora, voc\u00ea acha que \u00e9 mais uma simples igreja sem nada especial. Mas qualquer um que j\u00e1 entrou nela sabe que essa \u00e9 com certeza <strong>uma das igrejas mais bonitas do Brasil<\/strong>. Isso porque ela \u00e9 toda <strong>foleada a ouro por dentro<\/strong>.\u00a0 O estilo que encanta \u00e9 o <strong>Barroco.<\/strong><\/p>\n<figure id=\"attachment_15612\" aria-describedby=\"caption-attachment-15612\" style=\"width: 600px\" class=\"wp-caption alignnone\"><img decoding=\"async\" class=\"wp-image-15612 size-medium\" src=\"https:\/\/freewalkertours.com\/wp-content\/uploads\/2025\/03\/Igreja_da_Ordem_Terceira_de_Sao_Francisco_da_Penitencia_vista_por_fora-600x450-1.jpg\" alt=\"\" width=\"600\" height=\"450\" \/><figcaption id=\"caption-attachment-15612\" class=\"wp-caption-text\">Faixada da Igreja de S\u00e3o Francisco da Penit\u00eancia<\/figcaption><\/figure>\n<p>\u00a0<\/p>\n<figure id=\"attachment_15615\" aria-describedby=\"caption-attachment-15615\" style=\"width: 600px\" class=\"wp-caption alignnone\"><img loading=\"lazy\" decoding=\"async\" class=\"wp-image-15615 size-medium\" src=\"https:\/\/freewalkertours.com\/wp-content\/uploads\/2025\/03\/Interior_da_Igreja_de_Sao_Francisco_da_Penitencia-600x400-1.jpg\" alt=\"\" width=\"600\" height=\"400\" \/><figcaption id=\"caption-attachment-15615\" class=\"wp-caption-text\">Interior da Igreja de S\u00e3o Francisco da Penit\u00eancia<\/figcaption><\/figure>\n<h4><\/h4>\n<h4>Hist\u00f3ria da Igreja de S\u00e3o Francisco da Penit\u00eancia<\/h4>\n<p>Naquela \u00e9poca eram fundadas irmandades, que constru\u00edam igrejas. A irmandade foi fundada em mar\u00e7o de 1619, associava-se a obra de abastados comerciantes, \u00a0formando uma casta tradicionalmente de elite e fechada, que sempre se esmerou na constru\u00e7\u00e3o de sua igreja e no luxo de suas prociss\u00f5es.<\/p>\n<p>Ergueram sua capela independente em 1657 Desde o princ\u00edpio, n\u00e3o pouparam esfor\u00e7os e recursos, mandando buscar na metr\u00f3pole os melhores artistas e os mais requintados materiais. Internamente, a igreja realiza exemplar decora\u00e7\u00e3o barroca de arte total, integrando arquitetura, pintura, escultura, talha, onde at\u00e9 mesmo o piso \u00e9 decorado com volutas de m\u00e1rmores policromos em refinados trabalhos de embutidos.<\/p>\n<p>A decora\u00e7\u00e3o pict\u00f3rica e douramento da capela-mor foram encomendados a Caetano da Costa Coelho em 1732. O artista pintou quadros que se inserem na talha parietal e narram passagens das vidas dos santos franciscanos. O teto, em ab\u00f3bada, recebeu pintura em perspectiva, que tem como tema culminante S\u00e3o Francisco sendo recebido nos c\u00e9us pelo Cristo e a Virgem Maria. Infelizmente, estes trabalhos receberam interven\u00e7\u00f5es posteriores que alteraram sua fatura e qualidade original.<\/p>\n<p>\u00a0<\/p>\n<h4>Visita\u00e7\u00e3o<\/h4>\n<p>O hor\u00e1rio de abertura \u00e9 de segunda a sexta-feira das 8h \u00e0s 18h e s\u00e1bados at\u00e9 \u00e0s 12h. Infelizmente, devido ao COVID-19 a igreja est\u00e1 fechada temporariamente.<\/p>\n<p>A entrada tem um valor simb\u00f3lico de R$2,00.<\/p>\n<p>No Largo da Carioca, no Centro, entre no p\u00e1tio e siga pelo corredor at\u00e9 o elevador, que d\u00e1 acesso tamb\u00e9m \u00e0 Igreja e Convento de Santo Ant\u00f4nio (\u00e0 dir.).<\/p>\n<p>\u00a0<\/p>\n<h3>3) Confeitaria Colombo<\/h3>\n<p>Um dos caf\u00e9s mais bonitos do mundo fica no Rio de Janeiro. N\u00e3o \u00e9 exagero dizer que a Confeitaria Colombo \u00e9 o Cristo Redentor da Gastronomia Carioca.\u00a0 A decora\u00e7\u00e3o da confeitaria \u00e9 de deixar qualquer um de queixo ca\u00eddo e conta com azulejos portugueses, m\u00e1rmores impressionantes, espelhos belgas e madeira jacarand\u00e1!<\/p>\n<p><img loading=\"lazy\" decoding=\"async\" class=\"alignnone size-medium wp-image-15619\" src=\"https:\/\/freewalkertours.com\/wp-content\/uploads\/2025\/03\/confeitaria-colombo-600x401-1.jpg\" alt=\"confeitaria-colombo\" width=\"600\" height=\"401\" \/><\/p>\n<h4>Hist\u00f3ria da Confeitaria Colombo<\/h4>\n<p>\u00c9 importante entender que a Confeitaria foi fundada em 1894, quando o Rio de Janeiro ainda era capital do Brasil. <span style=\"font-size: 1rem;\">Ent\u00e3o muitos presidentes se encontravam na Confeitaria para tomar decis\u00f5es importantes para o futuro do pa\u00eds. No segundo andar cada presidente tinha sua pr\u00f3pria cadeira e o atual nunca sentava na cadeira do anterior! <\/span><\/p>\n<p><span style=\"font-size: 1rem;\">Al\u00e9m dos presidentes, importantes escritores (como Olavo Bilac e Machado de Assis), m\u00fasicos (como Villa Lobos e Chiquinha Gonzaga) e homens neg\u00f3cio frequentavam esse local. Uma das visitas mais ilustres que a Confeitaria recebeu foi a rainha Elizabeth II. Ela escolheu a Confeitaria Colombo para tomar sua famosa x\u00edcara de caf\u00e9 quando veio para o Brasil<\/span><\/p>\n<p>\u00a0<\/p>\n<h4>Visita\u00e7\u00e3o da Confeitaria Colombo<\/h4>\n<p>A Confeitaria fica aberta de segunda a sexta das 9h \u00e0s 19h e s\u00e1bados das 9h \u00e0s 17h e claro que vale a pena experimentar uma das del\u00edcias da confeitaria. \u00c9 dif\u00edcil escolher apenas uma, pois tudo \u00e9 maravilhoso Mas como a confeitaria \u00e9 portuguesa, sugerimos provar o tradicional doce portugu\u00eas : pastel de nata.<\/p>\n<p><img loading=\"lazy\" decoding=\"async\" class=\"alignnone size-medium wp-image-14464\" src=\"https:\/\/freewalkertours.com\/wp-content\/uploads\/2025\/03\/confeitaria-colombo-doces2-600x448-1.jpg\" alt=\"\" width=\"600\" height=\"448\" \/><\/p>\n<h3><\/h3>\n<h3>4) Pa\u00e7o Imperial<\/h3>\n<p>Talvez voc\u00ea n\u00e3o d\u00ea tanta import\u00e2ncia ao olhar para o pr\u00e9dio simples na Pra\u00e7a XV, que \u00e9 o Pa\u00e7o Imperial. Mas acredito que esse seja o local do Centro com <strong>maior import\u00e2ncia hist\u00f3rica<\/strong> para o Brasil.<\/p>\n<p><img loading=\"lazy\" decoding=\"async\" class=\"alignnone size-medium wp-image-13753\" src=\"https:\/\/freewalkertours.com\/wp-content\/uploads\/2025\/03\/paco-imperial-1-600x450-1.jpg\" alt=\"pa\u00e7o-imperial\" width=\"600\" height=\"450\" \/><\/p>\n<h4><\/h4>\n<h4>Hist\u00f3ria do Pa\u00e7o Imperial<\/h4>\n<p>Quando a fam\u00edlia real Portuguesa fugiu de Napole\u00e3o, em 1808, e veio se refugiar no Brasil ali era o \u00fanico local preparado para recebe-los. Ent\u00e3o essa foi a resid\u00eancia da fam\u00edlia real portuguesa por alguns anos.<\/p>\n<p>Aqui fatos importantes, que mudaram o destino do nosso pa\u00eds, aconteceram. O primeiro deles foi o <a href=\"https:\/\/educacao.uol.com.br\/datas-comemorativas\/0109---dia-do-fico.htm#:~:text=O%209%20de%20janeiro%20de,geral%20da%20Na%C3%A7%C3%A3o%2C%20estou%20pronto!\" target=\"_blank\" rel=\"noopener\">dia do fico<\/a>, em 1822. O segundo deles foi a aboli\u00e7\u00e3o escravid\u00e3o, pela princesa Isabel em 1888.<\/p>\n<p>\u00a0<\/p>\n<h4>Visita\u00e7\u00e3o<\/h4>\n<p>Hoje o Pa\u00e7o n\u00e3o preserva os m\u00f3veis e a decora\u00e7\u00e3o originais da \u00e9poca em que era o Pa\u00e7o Imperial. Mas possui exposi\u00e7\u00f5es tempor\u00e1rias, que s\u00e3o gratuitas para visita\u00e7\u00e3o.<\/p>\n<p>O Pa\u00e7o abre de segunda-feira das 11h \u00e0s 19h30 e s\u00e1bados, domingos e feriados das 12h \u00e0s 19h. ATEN\u00c7\u00c3O: devido ao covid-19 o Pa\u00e7o Imperial encontra-se momentaneamente fechado.<\/p>\n<p>\u00a0<\/p>\n<h3>5) Museu Nacional de Belas Artes<\/h3>\n<p>Um dos museus mais importantes para o nosso pa\u00eds. Esse pr\u00e9dio foi constru\u00eddo para ser um museu e a escola de Belas Artes. Durante muitos anos ele funcionou como uma escola, mas ano ap\u00f3s ano as aulas foram transmitidas para outros lugares.<\/p>\n<h4><img loading=\"lazy\" decoding=\"async\" class=\"alignnone size-medium wp-image-14713\" src=\"https:\/\/freewalkertours.com\/wp-content\/uploads\/2025\/03\/Museu_Nacional_de_Belas_Artes_02-600x448-1.jpg\" alt=\"museu-nacional-de-belas-artes\" width=\"600\" height=\"448\" \/><\/h4>\n<h4><\/h4>\n<h4>Hist\u00f3ria<\/h4>\n<p>O bonito e imponente pr\u00e9dio\u00a0 atual foi constru\u00eddo em 1937, mas sua hist\u00f3ria come\u00e7ou muito antes. Em 1808, quando D Jo\u00e3o veio para o Brasil fugindo de Napole\u00e3o, ele encontrou um pa\u00eds com pouco influ\u00eancia da arte europeia.<\/p>\n<p>\u00c9 importante frisarmos que \u00e9ramos governados por Portugueses e a historia e costumes dos \u00edndios brasileiros eram vistas como inferiores.\u00a0 Ent\u00e3o D Jo\u00e3o decidiu, convidar famosos artistas franceses (como Debret) para virem ao Brasil. Ao mesmo tempo, D Jo\u00e3o fundou a primeira escola de Belas Artes do Brasil.<\/p>\n<p><img loading=\"lazy\" decoding=\"async\" class=\"alignnone size-medium wp-image-14722\" src=\"https:\/\/freewalkertours.com\/wp-content\/uploads\/2025\/03\/Esculturas_Museu_Nacional_de_Belas_Artes_01-600x401-1.jpg\" alt=\"museu-nacional-de-belas-artes\" width=\"600\" height=\"401\" \/><\/p>\n<h4><\/h4>\n<h4>Visitas<\/h4>\n<p>O hor\u00e1rio de funcionamento de ter\u00e7a a sexta das 10h \u00e0s 18h e s\u00e1bados, domingos e feriados das 12h \u00e0s 17h. ATEN\u00c7\u00c3O: devido ao covid-19 o Museu de Belas Artes encontra-se momentaneamente fechado.<\/p>\n<h3>6) Biblioteca Nacional<\/h3>\n<p>Essa \u00e9 a maior biblioteca da Am\u00e9rica Latina e considerada pela UNESCO uma das 10 maiores do mundo! Sua hist\u00f3ria, tamb\u00e9m remonta ao Rei de Portugal, D Jo\u00e3o VI! Ele trouxe sua cole\u00e7\u00e3o de livros de Portugal para o Brasil e fundou a nossa primeira biblioteca Nacional. O pr\u00e9dio teve 2 sedes antes de se mudar para atual, em 1910.<\/p>\n<p><img loading=\"lazy\" decoding=\"async\" class=\"alignnone size-medium wp-image-12500\" src=\"https:\/\/freewalkertours.com\/wp-content\/uploads\/2025\/03\/0200_years_Biblioteca_Nacional_in_Rio_de_Janeiro_city-600x396-1.jpg\" alt=\"\" width=\"600\" height=\"396\" \/><\/p>\n<h4><\/h4>\n<h4>Visita\u00e7\u00e3o<\/h4>\n<p>As biblioteca \u00e9 aberta a visita\u00e7\u00e3o de segunda a sexta-feira das 10h \u00e0s 17h mas infelizmente tamb\u00e9m encontra-se fechada no momento de vido ao COVID-19<\/p>\n<h3><\/h3>\n<h3>7)\u00a0 Theatro Municipal<\/h3>\n<p>Esse \u00e9 na minha opini\u00e3o o pr\u00e9dio mais bonito do Rio de Janeiro, talvez at\u00e9 do Brasil. Vale a pena a visita guiada interna do Theatro Municipal mas, <b>\u00e9 preciso se programar caso esteja chovendo ou seja alta temporada<\/b>, j\u00e1 que esse \u00e9 um dos programas mais concorridos do centro do Rio. Os ingressos somente s\u00e3o distribu\u00eddos no dia da visita, s\u00e3o\u00a0<b>50 pessoas por hor\u00e1rio<\/b> (3 ou 4 hor\u00e1rios di\u00e1rios).<\/p>\n<p><img loading=\"lazy\" decoding=\"async\" class=\"alignnone size-medium wp-image-11100\" src=\"https:\/\/freewalkertours.com\/wp-content\/uploads\/2025\/03\/theatro-municipal-600x400-1.jpg\" alt=\"theatro-municipal\" width=\"600\" height=\"400\" \/><\/p>\n<h4><\/h4>\n<h4>Hist\u00f3ria<\/h4>\n<p>O Theatro Municipal foi inspirado na Opera de Paris e faz parte do plano do prefeito Pereira Passos de revitalizar o centro do Rio de Janeiro e tornar a cidade na Paris dos Tr\u00f3picos. Todos os corti\u00e7os do Centro do Rio foram destru\u00eddos, as ruas alargadas e um concurso p\u00fablico foi aberto para escolher quem seria o respons\u00e1vel por construir o Theatro Municipal do Rio de Janeiro.<\/p>\n<p>Sete projetos foram enviados e dois empataram. Mas adivinhem de quem era o favorito? Do filho do prefeito!! As pessoas come\u00e7aram ent\u00e3o a reclamar e por causa disso os projetos dos dois primeiros colocados foram unidos! Nada mal o resultado certo?<\/p>\n<p>\u00a0<\/p>\n<h4>Visita\u00e7\u00e3o<\/h4>\n<p>O hor\u00e1rio de visita\u00e7\u00e3o \u00e9 de ter\u00e7a a sexta-feira, \u00e0s 12h, 14h, 15h e 16h. Aos s\u00e1bados e feriados, \u00e0s 11h, 12h e 13h. A visita\u00e7\u00e3o dura aproximadamente 1 hora e o valor \u00e9 R$20,00. Estudantes e idosos pagam meia. Assim como as outras atra\u00e7\u00f5es, o Theatro Municipal tamb\u00e9m est\u00e1 fechado devido ao covid-19.<\/p>\n<h3><\/h3>\n<h3>8)\u00a0 Real Gabinete Portugu\u00eas de Literatura<\/h3>\n<p>O Real Gabinete Portugu\u00eas de Leitura \u00e9 uma biblioteca famosa por reunir o maior acervo de obras lusitanas fora de\u00a0Portugal. Quem tirar um tempinho para visitar o espa\u00e7o ficar\u00e1 impressionado com a estrutura. N\u00e3o por acaso, o local entrou para a lista da Times como <a href=\"https:\/\/time.com\/3047538\/most-beautiful-libraries\/\" target=\"_blank\" rel=\"nofollow external noopener noreferrer\" data-wpel-link=\"external\">a quarta biblioteca mais bonita do mundo.<\/a><\/p>\n<p><img loading=\"lazy\" decoding=\"async\" class=\"alignnone size-medium wp-image-14019\" src=\"https:\/\/freewalkertours.com\/wp-content\/uploads\/2025\/03\/gabinete-real-portugues-600x450-1.jpg\" alt=\"real-gabinete-portugues-de-literatura\" width=\"600\" height=\"450\" \/><\/p>\n<p>Constru\u00eddo em 1887, o pr\u00e9dio tem mais de 350 mil obras dispon\u00edveis, entre elas um exemplar da primeira edi\u00e7\u00e3o de \u201cOs Lus\u00edadas\u201d (1572), de Lu\u00eds de Cam\u00f5es.<\/p>\n<h3><\/h3>\n<h3>Hist\u00f3ria<\/h3>\n<p>O Rio de Janeiro teve forte influencia dos Portugueses, especialmente por ter sido capital do Reino de Portugal. Sob essa influ\u00eancia, em 1837, a institui\u00e7\u00e3o foi criada por um grupo de 43 imigrantes. Eles decidiram criar uma biblioteca para troca e amplia\u00e7\u00e3o de conhecimentos de seus s\u00f3cios e dar oportunidade aos portugueses residentes de rememorar, ilustrar e viver o esp\u00edrito lusitano no Rio. <span style=\"font-size: 1rem;\">A constru\u00e7\u00e3o do edif\u00edcio s\u00f3 foi conclu\u00edda em 1887, e o Real Gabinete Portugu\u00eas tornou-se um marco arquitet\u00f4nico e cultural da presen\u00e7a aqui de Portugal.<\/span><\/p>\n<div class=\"publicidade_artigo_mobile\" data-gtm-vis-has-fired-7380195_15=\"1\">\n<div class=\"publicidade-info-mobile\">\n<div class=\"publicidade_artigo_mobile\" data-gtm-vis-has-fired-7380195_15=\"1\">\n<div class=\"publicidade-info-mobile\">\n<div class=\"publicidade_artigo_mobile\" data-gtm-vis-has-fired-7380195_15=\"1\">\n<div class=\"publicidade-info-mobile\">Em 1900 o Real Gabinete tornou-se um espa\u00e7o p\u00fablico e assim permanece at\u00e9 hoje.<\/div>\n<\/div>\n<\/div>\n<\/div>\n<\/div>\n<\/div>\n<div><\/div>\n<div><\/div>\n<div class=\"publicidade_artigo_mobile\" data-gtm-vis-has-fired-7380195_15=\"1\">\n<div class=\"publicidade-info-mobile\">\n<div class=\"publicidade_artigo_mobile\" data-gtm-vis-has-fired-7380195_15=\"1\">\n<div class=\"publicidade-info-mobile\">\n<div class=\"publicidade_artigo_mobile\" data-gtm-vis-has-fired-7380195_15=\"1\">\n<h3>VISITA\u00c7\u00c3O<\/h3>\n<div>O Real Gabinete est\u00e1 aberto ao p\u00fablico com um n\u00famero reduzido de pessoas durante a pandemia. A visita\u00e7\u00e3o \u00e9 gratuita<\/div>\n<div><\/div>\n<\/div>\n<\/div>\n<\/div>\n<\/div>\n<\/div>\n<h3>9) Centro Cultural do Banco do Brasil (CCBB-RJ)<\/h3>\n<p>O CCBB-RJ \u00e9 um espa\u00e7o que abriga diversas exposi\u00e7\u00f5es, filmes, teatros e atra\u00e7\u00f5es musicais. Esse foi o primeiro a ser inaugurado de uma rede de espa\u00e7os culturais geridas e mantidas pelo banco do Brasil.\u00a0 J\u00e1 foi considerado o 2O\u00ba museu de arte mais visitado do mundo e o mais visitado do Brasil.<\/p>\n<p><img loading=\"lazy\" decoding=\"async\" class=\"alignnone size-medium wp-image-2408\" src=\"https:\/\/freewalkertours.com\/wp-content\/uploads\/2025\/03\/o-que-fazer-no-rio-de-janeiro-com-chuva-ccbb-600x348-1.jpg\" alt=\"centro-cultural-do-banco-do-brasil\" width=\"600\" height=\"348\" \/><\/p>\n<h3><\/h3>\n<h3>HIST\u00d3RIA DO CCBB<\/h3>\n<p>O CCBB foi inaugurado em 1906, como sede da associa\u00e7\u00e3o comercial do Rio de Janeiro. Posteriormente, em 9 de novembro de 1922, torna-se a quarta sede do Banco do Brasil. O pr\u00e9dio passa por obras e \u00e9 ampliado para conseguir atender a demanda do Banco.<\/p>\n<p>O local fica sendo matriz do Banco do Brasil at\u00e9 1960, quando a capital do Brasil se muda para Bras\u00edlia. O pr\u00e9dio abrigou ainda a ag\u00eancia do Centro do Rio de Janeiro e a ag\u00eancia da rua Primeiro de Mar\u00e7o.<\/p>\n<p>No dia 12 de outubro de 1889 o CCBB \u00e9 inaugurado. A cria\u00e7\u00e3o do CCBB foi uma oportunidade para resgatar a import\u00e2ncia hist\u00f3rica e arquitet\u00f4nica do edif\u00edcio, aliada \u00e0 iniciativa in\u00e9dita, por parte de uma institui\u00e7\u00e3o financeira brasileira, de instalar um centro cultural multidisciplinar, abrangendo diversas \u00e1reas de manifesta\u00e7\u00f5es art\u00edsticas.<\/p>\n<p>\u00a0<\/p>\n<h3>VISITA\u00c7\u00c3O<\/h3>\n<p>O CCBB est\u00e1 adotou medidas especiais por causa da pandemia:<\/p>\n<ul>\n<li>N\u00e3o h\u00e1 servi\u00e7o de bilheteria f\u00edsica. Os ingressos devem ser comprados online no site: www.eventim.com.br<\/li>\n<li>De quarta a segunda das 9h \u00e0s 18h.<\/li>\n<li>O visitante poder\u00e1 permanecer no CCBB por 1h30min<\/li>\n<li>A visita\u00e7\u00e3o continua gratuita<\/li>\n<\/ul>\n<h3><\/h3>\n<h3>10) Catedral do Rio de Janeiro<\/h3>\n<p>A Arquitetura \u00fanica da Catedral do Rio de Janeiro chama a aten\u00e7\u00e3o de todos que passam e surpreende aqueles que a visitam! Sua apar\u00eancia e hist\u00f3ria n\u00e3o s\u00e3o nada convencionais e fazem dela um dos pontos mais curiosos da cidade maravilhosa!<\/p>\n<p>Muita gente acha que o edif\u00edcio \u00e9 uma pir\u00e2mide maia ou um museu super futur\u00edstico. Na realidade, apesar de um pouco feia por fora, por dentro a catedral surpreende qualquer um que a visita.<\/p>\n<p><img loading=\"lazy\" decoding=\"async\" class=\"alignnone size-medium wp-image-12582\" src=\"https:\/\/freewalkertours.com\/wp-content\/uploads\/2025\/03\/catedral-2-600x450-1.jpg\" alt=\"\" width=\"600\" height=\"450\" \/><\/p>\n<p><img loading=\"lazy\" decoding=\"async\" class=\"alignnone size-medium wp-image-12717\" src=\"https:\/\/freewalkertours.com\/wp-content\/uploads\/2025\/03\/catedral-1-1-600x450-1.jpg\" alt=\"\" width=\"600\" height=\"450\" \/><\/p>\n<h3><\/h3>\n<h3>Hist\u00f3ria<\/h3>\n<p>A Catedral do Rio de Janeiro, fundada em 1676, nunca teve uma sede pr\u00f3pria e sempre precisou emprestar de outras igrejas. S\u00f3 depois de muito esfor\u00e7o que conseguiram, em 1964, que o estado lhe cedesse um terreno, no qual foi erguida a catedral. A constru\u00e7\u00e3o foi finalizada em 1972.<\/p>\n<p>\u00a0<\/p>\n<h3>\u00a0Visita\u00e7\u00e3o<\/h3>\n<p>A Catedral est\u00e1 aberta a visita\u00e7\u00e3o das 7h \u00e0s 17h. A entrada \u00e9 gratuita.<\/p>\n","protected":false},"excerpt":{"rendered":"<p>O que fazer no Centro do Rio de Janeiro? A verdade \u00e9 que muita gente esquece do centro do Rio de Janeiro. A maioria dos turistas visitam os pontos mais famosos da cidade como as praias, o Bondinho do P\u00e3o de A\u00e7\u00facar e o Cristo Redentor.\u00a0Mas o Rio n\u00e3o \u00e9 s\u00f3 praias! Aqui tem muito [&hellip;]<\/p>\n","protected":false},"author":1,"featured_media":17735,"comment_status":"open","ping_status":"open","sticky":false,"template":"","format":"standard","meta":{"_acf_changed":false,"footnotes":""},"categories":[54,1,52],"tags":[],"destino":[59],"class_list":["post-22943","post","type-post","status-publish","format-standard","has-post-thumbnail","hentry","category-dicas-e-roteiros","category-fwt","category-rio-de-janeiro-pt-br","destino-rio-de-janeiro"],"acf":[],"_links":{"self":[{"href":"https:\/\/freewalkertours.com\/pt-br\/wp-json\/wp\/v2\/posts\/22943","targetHints":{"allow":["GET"]}}],"collection":[{"href":"https:\/\/freewalkertours.com\/pt-br\/wp-json\/wp\/v2\/posts"}],"about":[{"href":"https:\/\/freewalkertours.com\/pt-br\/wp-json\/wp\/v2\/types\/post"}],"author":[{"embeddable":true,"href":"https:\/\/freewalkertours.com\/pt-br\/wp-json\/wp\/v2\/users\/1"}],"replies":[{"embeddable":true,"href":"https:\/\/freewalkertours.com\/pt-br\/wp-json\/wp\/v2\/comments?post=22943"}],"version-history":[{"count":2,"href":"https:\/\/freewalkertours.com\/pt-br\/wp-json\/wp\/v2\/posts\/22943\/revisions"}],"predecessor-version":[{"id":28145,"href":"https:\/\/freewalkertours.com\/pt-br\/wp-json\/wp\/v2\/posts\/22943\/revisions\/28145"}],"wp:featuredmedia":[{"embeddable":true,"href":"https:\/\/freewalkertours.com\/pt-br\/wp-json\/wp\/v2\/media\/17735"}],"wp:attachment":[{"href":"https:\/\/freewalkertours.com\/pt-br\/wp-json\/wp\/v2\/media?parent=22943"}],"wp:term":[{"taxonomy":"category","embeddable":true,"href":"https:\/\/freewalkertours.com\/pt-br\/wp-json\/wp\/v2\/categories?post=22943"},{"taxonomy":"post_tag","embeddable":true,"href":"https:\/\/freewalkertours.com\/pt-br\/wp-json\/wp\/v2\/tags?post=22943"},{"taxonomy":"destino","embeddable":true,"href":"https:\/\/freewalkertours.com\/pt-br\/wp-json\/wp\/v2\/destino?post=22943"}],"curies":[{"name":"wp","href":"https:\/\/api.w.org\/{rel}","templated":true}]}}