{"id":22774,"date":"2025-03-25T17:29:58","date_gmt":"2025-03-25T20:29:58","guid":{"rendered":"https:\/\/freewalkertours.com\/blog\/marco-o-mes-das-mulheres-entenda-o-motivo\/"},"modified":"2025-06-30T18:00:06","modified_gmt":"2025-06-30T21:00:06","slug":"marco-o-mes-das-mulheres-entenda-o-motivo","status":"publish","type":"post","link":"https:\/\/freewalkertours.com\/pt-br\/marco-o-mes-das-mulheres-entenda-o-motivo\/","title":{"rendered":"Mar\u00e7o: o m\u00eas das mulheres &#8211; entenda o motivo"},"content":{"rendered":"<h2>MAR\u00c7O: O M\u00caS DAS MULHERES<\/h2>\n<p><span data-contrast=\"auto\">Sabemos que o dia 8 de mar\u00e7o \u00e9 considerado o Dia Internacional da Mulher. Muito al\u00e9m dessa data, o m\u00eas de mar\u00e7o \u00e9 considerado um m\u00eas de luta pelos direitos das mulheres. Vamos entender melhor! Leia.\u00a0<\/span><\/p>\n<h2>DATA COMEMORATIVA<\/h2>\n<p><span data-contrast=\"auto\">No in\u00edcio, esse processo de luta hist\u00f3rica das mulheres estava muito ligado a quest\u00e3o de desigualdade salarial. Mas como o passar do tempo, foi observado que era necess\u00e1rio lutar por outros direitos para as mulheres na sociedade. Por isso, atualmente essa luta envolve a desigualdade salarial, mas tamb\u00e9m a luta contra a viol\u00eancia e o machismo.\u00a0<\/span><span data-ccp-props=\"{\"201341983\":0,\"335551550\":6,\"335551620\":6,\"335559739\":160,\"335559740\":259}\">\u00a0<\/span><\/p>\n<p><img fetchpriority=\"high\" decoding=\"async\" class=\"alignnone size-medium wp-image-12661\" src=\"https:\/\/freewalkertours.com\/wp-content\/uploads\/2025\/03\/We_Can_Do_It-464x600-1.jpg\" alt=\"\" width=\"464\" height=\"600\" \/><\/p>\n<h2>HIST\u00d3RIA POR TR\u00c1S DA DATA<\/h2>\n<p><span data-contrast=\"auto\">A hist\u00f3ria que existe pela escolha do dia 8 de mar\u00e7o, marca uma s\u00e9rie de acontecimentos de mobiliza\u00e7\u00e3o pol\u00edtica ao longo do s\u00e9culo XX. Na realidade existem duas vers\u00f5es sobre os fatos. Entenda.\u00a0<\/span><span data-ccp-props=\"{\"201341983\":0,\"335551550\":6,\"335551620\":6,\"335559739\":160,\"335559740\":259}\">\u00a0<\/span><\/p>\n<h3>PRIMEIRA VERS\u00c3O<\/h3>\n<p><span data-contrast=\"auto\">Essa \u00e9 a vers\u00e3o mais conhecida. A hist\u00f3ria conta que no dia 8 de mar\u00e7o de 1857, mais de 100 oper\u00e1rias morreram carbonizadas em um inc\u00eandio que ocorreu nas instala\u00e7\u00f5es de uma f\u00e1brica t\u00eaxtil em Nova York. O inc\u00eandio teria sido intencional, causado pelo propriet\u00e1rio da f\u00e1brica, descontente com as greves e manifesta\u00e7\u00f5es das oper\u00e1rias.\u00a0<\/span><span data-ccp-props=\"{\"201341983\":0,\"335551550\":6,\"335551620\":6,\"335559739\":160,\"335559740\":259}\">\u00a0<\/span><\/p>\n<p><img decoding=\"async\" class=\"alignnone size-full wp-image-12664\" src=\"https:\/\/freewalkertours.com\/wp-content\/uploads\/2025\/03\/operarias-mulheres.jpg\" alt=\"\" width=\"245\" height=\"205\" \/><\/p>\n<p><span data-contrast=\"auto\">Por\u00e9m, essa hist\u00f3ria \u00e9 FALSA!\u00a0<\/span><span data-ccp-props=\"{\"201341983\":0,\"335551550\":6,\"335551620\":6,\"335559739\":160,\"335559740\":259}\">\u00a0<\/span><\/p>\n<h3>DETALHE<\/h3>\n<p><span data-contrast=\"auto\">No ano de 1910 na cidade de Copenhague (Dinamarca), ocorreu o II Congresso Internacional de Mulheres Socialistas. Nesse evento uma integrante do Partido Comunista Alem\u00e3o, a Clara\u00a0<\/span><span data-contrast=\"auto\">Zetkin<\/span><span data-contrast=\"auto\">\u00a0sugeriu a cria\u00e7\u00e3o de um Dia Internacional da Mulher. A data, no entanto, ficou em aberto.<\/span><span data-ccp-props=\"{\"201341983\":0,\"335551550\":6,\"335551620\":6,\"335559739\":160,\"335559740\":259}\">\u00a0<\/span><\/p>\n<h3>SEGUNDA VERS\u00c3O<\/h3>\n<p><span data-contrast=\"auto\">J\u00e1 a segunda vers\u00e3o, afirma que o inc\u00eandio de fato ocorreu no dia 25 de mar\u00e7o de 1911, em Nova York. A f\u00e1brica era a\u00a0<\/span><span data-contrast=\"auto\">Triangle<\/span><span data-contrast=\"auto\">\u00a0<\/span><span data-contrast=\"auto\">Shirtwaist<\/span><span data-contrast=\"auto\">\u00a0<\/span><span data-contrast=\"auto\">Company<\/span><span data-contrast=\"auto\">, foram mais de 140 v\u00edtimas, sendo a maioria delas mulheres. Esse acontecimento \u00e9 um importante marco para a escolha do Dia das Mulheres.\u00a0<\/span><span data-ccp-props=\"{\"201341983\":0,\"335551550\":6,\"335551620\":6,\"335559739\":160,\"335559740\":259}\">\u00a0<\/span><\/p>\n<p><span data-contrast=\"auto\">Os motivos do inc\u00eandio foram as inadequadas instala\u00e7\u00f5es el\u00e9tricas que em conjunto \u00e0 presen\u00e7a de tecido espalhado pelo local e o solo da f\u00e1brica encontrou condi\u00e7\u00f5es perfeitas para o fogo.<\/span><\/p>\n<p><img decoding=\"async\" class=\"alignnone size-full wp-image-12667\" src=\"https:\/\/freewalkertours.com\/wp-content\/uploads\/2025\/03\/incendio-2.jpg\" alt=\"\" width=\"293\" height=\"172\" \/><\/p>\n<h3>IMAGINEM&#8230;<\/h3>\n<p><span data-contrast=\"auto\">Era comum nesse per\u00edodo os propriet\u00e1rios de f\u00e1bricas trancarem as portas como forma de conter greves e manifesta\u00e7\u00f5es. Segundo a hist\u00f3ria, as portas da f\u00e1brica\u00a0<\/span><span data-contrast=\"auto\">Triangle<\/span><span data-contrast=\"auto\">\u00a0estavam trancadas quando ocorreu o inc\u00eandio, por isso o alto n\u00famero de v\u00edtimas.\u00a0<\/span><span data-ccp-props=\"{\"201341983\":0,\"335551550\":6,\"335551620\":6,\"335559739\":160,\"335559740\":259}\">\u00a0<\/span><\/p>\n<p><img loading=\"lazy\" decoding=\"async\" class=\"alignnone size-full wp-image-12670\" src=\"https:\/\/freewalkertours.com\/wp-content\/uploads\/2025\/03\/incendio.jpg\" alt=\"\" width=\"594\" height=\"400\" \/><\/p>\n<h2>CONSEQU\u00caNCIAS DO OCORRIDO<\/h2>\n<p><span data-contrast=\"auto\">Apesar da trag\u00e9dia, foi observado que as condi\u00e7\u00f5es de trabalho eram p\u00e9ssimas e foi reconhecida a luta e engajamento pol\u00edtico das mulheres na busca de melhores condi\u00e7\u00f5es de trabalho e sal\u00e1rios. Dessa luta que surge a necessidade de reconhecer o Dia Internacional da Mulher, pela for\u00e7a que elas representam. Lembram da Clara\u00a0<\/span><span data-contrast=\"auto\">Zetkin<\/span><span data-contrast=\"auto\">?\u00a0<\/span><span data-ccp-props=\"{\"201341983\":0,\"335551550\":6,\"335551620\":6,\"335559739\":160,\"335559740\":259}\">\u00a0<\/span><\/p>\n<h3>POR ISSO<\/h3>\n<p><span data-contrast=\"auto\">De fato, o inc\u00eandio de 1911, foi sugerido como dia das mulheres. V\u00e1rios movimentos em busca de concess\u00e3o de direitos trabalhistas e eleitorais para as mulheres ocorreram nos EUA e Europa, no s\u00e9culo XIX. <\/span><\/p>\n<h3><span data-contrast=\"auto\">NA R\u00daSSIA <\/span><\/h3>\n<p><span data-contrast=\"auto\">O ano de 1917 ficou marcado na R\u00fassia, por um ciclo revolucion\u00e1rio, que inclusive acabou com a monarquia czarista. Nesse cen\u00e1rio no dia 08 de mar\u00e7o de 1917, mulheres que trabalhavam no setor de tecelagem entraram em greve. Elas buscaram apoio no setor de metal\u00fargica da f\u00e1brica.\u00a0<\/span><span data-ccp-props=\"{\"201341983\":0,\"335551550\":6,\"335551620\":6,\"335559739\":160,\"335559740\":259}\">\u00a0<\/span><\/p>\n<p><img loading=\"lazy\" decoding=\"async\" class=\"alignnone size-full wp-image-12673\" src=\"https:\/\/freewalkertours.com\/wp-content\/uploads\/2025\/03\/greve-geral-1917.jpg\" alt=\"\" width=\"271\" height=\"186\" \/><\/p>\n<p><span data-contrast=\"auto\">A data ficou marcada como um grande feito por mulheres oper\u00e1rias, mais uma vez na hist\u00f3ria.\u00a0<\/span><span data-ccp-props=\"{\"201341983\":0,\"335551550\":6,\"335551620\":6,\"335559739\":160,\"335559740\":259}\">\u00a0<\/span><\/p>\n<h2>FINALMENTE A ESCOLHA DA DATA<\/h2>\n<p><span data-contrast=\"auto\">Logo ap\u00f3s a Segunda Guerra Mundial, o dia 08 de mar\u00e7o tornou-se principal data em homenagem as mulheres, sendo consequ\u00eancia da revolu\u00e7\u00e3o que aconteceu na R\u00fassia. O m\u00eas de mar\u00e7o tamb\u00e9m estava associado ao inc\u00eandio em Nova York.\u00a0<\/span><span data-ccp-props=\"{\"201341983\":0,\"335551550\":6,\"335551620\":6,\"335559739\":160,\"335559740\":259}\">\u00a0<\/span><\/p>\n<p><span data-contrast=\"auto\">O Dia Internacional da Mulher foi oficializado pela Organiza\u00e7\u00e3o das Na\u00e7\u00f5es Unidas como uma data comemorativa somente em 1975. Inclusive, 1975 foi declarado o Ano Internacional das Mulheres, contra as desigualdades e discrimina\u00e7\u00e3o de g\u00eanero em todo o mundo.\u00a0\u00a0<\/span><span data-ccp-props=\"{\"201341983\":0,\"335551550\":6,\"335551620\":6,\"335559739\":160,\"335559740\":259}\">\u00a0<\/span><\/p>\n<p><img loading=\"lazy\" decoding=\"async\" class=\"alignnone size-full wp-image-12676\" src=\"https:\/\/freewalkertours.com\/wp-content\/uploads\/2025\/03\/onu.jpg\" alt=\"\" width=\"300\" height=\"168\" \/><\/p>\n<h2>A IMPORT\u00c2NCIA DE A\u00c7\u00d5ES A FAVOR DAS MULHERES<\/h2>\n<p><span data-contrast=\"auto\">Sabemos que ainda hoje s\u00e3o in\u00fameros os casos de viol\u00eancia contra as mulheres. S\u00e3o epis\u00f3dios de viol\u00eancia dom\u00e9stica, abuso, ass\u00e9dio, desigualdade no mercado de trabalho e preconceito de g\u00eanero, no Brasil e no mundo! <\/span><\/p>\n<p><span data-contrast=\"auto\">A luta das mulheres tamb\u00e9m busca ter a voz ativa e poder decidir o que fazer com o pr\u00f3prio corpo, o direito de ir e vir.\u00a0<\/span><span data-contrast=\"auto\">Por isso, o dia 08 de mar\u00e7o \u00e9 um dia de reflex\u00e3o. J\u00e1 os outros dias do ano, s\u00e3o dias de luta a favor do direito delas.\u00a0<\/span><\/p>\n<h2>ALGUMAS MULHERES IMPORTANTES PARA A HIST\u00d3RIA DO BRASIL<\/h2>\n<p><span data-contrast=\"auto\">Muitas mulheres foram importantes para a hist\u00f3ria do Brasil. Levaram nossa cultura mundo afora e importantes decis\u00f5es foram tomadas, gra\u00e7as \u00e0 elas. Conhe\u00e7a algumas.\u00a0<\/span><span data-ccp-props=\"{\"201341983\":0,\"335551550\":6,\"335551620\":6,\"335559739\":160,\"335559740\":259}\">\u00a0<\/span><\/p>\n<p><span data-contrast=\"auto\">1- Um dos fatos mais importantes da hist\u00f3ria do nosso pa\u00eds, foi a Independ\u00eancia do Brasil, certo? Mas que assinou o decreto de separa\u00e7\u00e3o entre o Brasil e Portugal? Foi a <strong>Maria Leopoldina<\/strong>, que estava como Princesa Regente do Brasil, aus\u00eancia de Dom Pedro. Interessante, n\u00e3o \u00e9?\u00a0<\/span><span data-ccp-props=\"{\"201341983\":0,\"335551550\":6,\"335551620\":6,\"335559739\":160,\"335559740\":259}\">\u00a0<\/span><\/p>\n<p><img loading=\"lazy\" decoding=\"async\" class=\"alignnone size-medium wp-image-12046\" src=\"https:\/\/freewalkertours.com\/wp-content\/uploads\/2025\/03\/Imperatriz-Leopoldina-458x600-1.png\" alt=\"Imperatriz-Leopoldina\" width=\"458\" height=\"600\" \/><\/p>\n<p><span data-contrast=\"auto\">2- Uma outra mulher importante na hist\u00f3ria foi a <strong>Princesa Isabel<\/strong>, filha de Dom Pedro II. Ap\u00f3s o falecimento dos seus irm\u00e3os, ela viria a tornar-se a herdeira do trono brasileiro. Dom Pedro II costumava viajar e a deixava como a Princesa Regente do pa\u00eds. Na \u00faltima viagem que realizou seu pai, ela assinou a Lei \u00c1urea, que aboliu a escravid\u00e3o no Brasil, em 1888.\u00a0<\/span><span data-ccp-props=\"{\"201341983\":0,\"335551550\":6,\"335551620\":6,\"335559739\":160,\"335559740\":259}\">\u00a0<\/span><\/p>\n<p><img loading=\"lazy\" decoding=\"async\" class=\"alignnone size-medium wp-image-12679\" src=\"https:\/\/freewalkertours.com\/wp-content\/uploads\/2025\/03\/princesa-isabel-477x600-1.jpg\" alt=\"\" width=\"477\" height=\"600\" \/><\/p>\n<h3>DICA<\/h3>\n<p><span data-contrast=\"auto\">Quer saber mais sobre a hist\u00f3ria do Brasil? Participe do nosso\u00a0<\/span><a href=\"https:\/\/freewalkertours.com\/pt-br\/rio-de-janeiro\/passeios\/free-walking-tour-centro-e-lapa\/\"><strong>Walking<\/strong><\/a><span data-contrast=\"auto\"><strong>\u00a0Tour Centro e Lapa<\/strong>. Divirta-se e aprenda mais detalhes sobre o pa\u00eds, visitando os principais pontos onde a hist\u00f3ria aconteceu.\u00a0<\/span><span data-ccp-props=\"{\"201341983\":0,\"335551550\":6,\"335551620\":6,\"335559739\":160,\"335559740\":259}\">\u00a0<\/span><\/p>\n<p><span data-contrast=\"auto\">3- A\u00a0<strong>Chiquinha Gonzaga<\/strong>, foi uma compositora, pianista e maestrina. Ela nasceu no Rio de Janeiro, pianista autodidata, estreou a opereta \u201cA Corte na Ro\u00e7a\u201d e chamou a aten\u00e7\u00e3o de produtores da \u00e9poca. Tornou a primeira maestrina brasileira. <\/span><\/p>\n<p><span data-contrast=\"auto\">Era engajada nas causas abolicionistas e a favor dos direitos femininos. Percursora de famosas marchinhas de carnaval, deixou mais de 2 mil composi\u00e7\u00f5es. Como homenagem, o dia do seu nascimento, 17 de outubro foi declarado como o Dia Nacional da M\u00fasica Popular Brasileira.\u00a0<\/span><span data-ccp-props=\"{\"201341983\":0,\"335551550\":6,\"335551620\":6,\"335559739\":160,\"335559740\":259}\">\u00a0<\/span><\/p>\n<p><img loading=\"lazy\" decoding=\"async\" class=\"alignnone size-full wp-image-12682\" src=\"https:\/\/freewalkertours.com\/wp-content\/uploads\/2025\/03\/Chiquinha_Gonzaga-1877.jpg\" alt=\"\" width=\"300\" height=\"471\" \/><\/p>\n<p><span data-contrast=\"auto\">4- A pintora e desenhista <strong>Tarsila do Amaral<\/strong>, tamb\u00e9m faz parte dessa lista. Importante na composi\u00e7\u00e3o dos grandes nomes de artistas modernistas brasileiros. Foi a Tarsila que pintou a obra mais cara de um artista brasileiro: o Abaporu.\u00a0\u00a0<\/span><\/p>\n<p><img loading=\"lazy\" decoding=\"async\" class=\"alignnone size-full wp-image-12685\" src=\"https:\/\/freewalkertours.com\/wp-content\/uploads\/2025\/03\/tarsila-do-amaral.jpg\" alt=\"\" width=\"411\" height=\"599\" \/><\/p>\n<p><span data-contrast=\"auto\">5- E a <strong>Carmen Miranda<\/strong>? A portuguesa mais brasileira do mundo! Ela e a irm\u00e3 Aurora, interpretavam marchinhas e samba nas r\u00e1dios. Logo chamou aten\u00e7\u00e3o do meio musical e se tornou uma cantora popular de sucesso. Ela possu\u00eda caracter\u00edsticas bem marcantes que a tornaram um grande \u00edcone da m\u00fasica e difundiu a cultura brasileira pelo mundo.\u00a0\u00a0<\/span><span data-ccp-props=\"{\"201341983\":0,\"335551550\":6,\"335551620\":6,\"335559739\":160,\"335559740\":259}\">\u00a0<\/span><\/p>\n<p><img loading=\"lazy\" decoding=\"async\" class=\"alignnone size-medium wp-image-12688\" src=\"https:\/\/freewalkertours.com\/wp-content\/uploads\/2025\/03\/carmem-miranda-461x600-1.jpg\" alt=\"\" width=\"461\" height=\"600\" \/><\/p>\n<p><span data-contrast=\"auto\">Essas s\u00e3o apenas algumas das muitas mulheres que realizam grandes feitos e marcaram a \u00e9poca e que devem ser lembradas com orgulho, por suas conquistas.\u00a0<\/span><span data-ccp-props=\"{\"201341983\":0,\"335551550\":6,\"335551620\":6,\"335559739\":160,\"335559740\":259}\">\u00a0<\/span><\/p>\n<h3>VALE RESSALTAR<\/h3>\n<p>As mulheres tem conquistado um papel importante nas ci\u00eancias, artes e m\u00fasica brasileira. Al\u00e9m disso, o carnaval est\u00e1 marcado por blocos criados por mulheres. Elas participam da organiza\u00e7\u00e3o, da banda, do corpo art\u00edstico e v\u00e1rios outros espa\u00e7os. Leia mais sobre os blocos de <a href=\"https:\/\/freewalkertours.com\/pt-br\/carnaval-no-rio-de-janeiro\/\"><strong>Carnaval no Rio de Janeiro<\/strong><\/a>.<\/p>\n<h2>NO RIO DE JANEIRO<\/h2>\n<p><span data-contrast=\"auto\">Em homenagem ao Dia Internacional das Mulheres, dois dos principais pontos tur\u00edsticos na cidade fizeram algo especial.\u00a0<\/span><span data-ccp-props=\"{\"201341983\":0,\"335551550\":6,\"335551620\":6,\"335559739\":160,\"335559740\":259}\">\u00a0<\/span><\/p>\n<p><span data-contrast=\"auto\">O <a href=\"https:\/\/freewalkertours.com\/pt-br\/cristo-redentor-no-rio-de-janeiro-todos-os-detalhes\/\"><strong>Cristo Redentor<\/strong><\/a> foi iluminado com a cor lil\u00e1s em celebra\u00e7\u00e3o ao m\u00eas dedicado \u00e0s lutas e conquistas femininas.<\/span><\/p>\n<p><img loading=\"lazy\" decoding=\"async\" class=\"alignnone size-medium wp-image-12691\" src=\"https:\/\/freewalkertours.com\/wp-content\/uploads\/2025\/03\/cristo-lilas-600x338-1.jpg\" alt=\"\" width=\"600\" height=\"338\" \/><\/p>\n<p><span data-contrast=\"auto\">J\u00e1 o Bondinho do <a href=\"https:\/\/freewalkertours.com\/pt-br\/pao-de-acucar-no-rio-de-janeiro-como-chegar\/\"><strong>P\u00e3o de A\u00e7\u00facar<\/strong><\/a> ofereceu a promo\u00e7\u00e3o \u201cComemorativo Mulheres\u201d. Esta promo\u00e7\u00e3o consistia na venda de ingressos ao pre\u00e7o de R$ 10,00 para as pessoas do sexo feminino. Assim, elas poderiam visitar a atra\u00e7\u00e3o e comemorar \u00e0 data em homenagem as mulheres.\u00a0<\/span><span data-ccp-props=\"{\"201341983\":0,\"335551550\":6,\"335551620\":6,\"335559739\":160,\"335559740\":259}\">\u00a0<\/span><\/p>\n<h3>PELO BRASIL<\/h3>\n<p><span data-contrast=\"auto\">Em alguns outros estados do pa\u00eds, o dia 08 de mar\u00e7o foi marcado por passeatas, manifesta\u00e7\u00f5es e movimentos a favor dos direitos da mulher. Alguns eventos seguem durante todo o m\u00eas.\u00a0<\/span><span data-ccp-props=\"{\"201341983\":0,\"335551550\":6,\"335551620\":6,\"335559739\":160,\"335559740\":259}\">\u00a0<\/span><\/p>\n<p><img loading=\"lazy\" decoding=\"async\" class=\"alignnone size-medium wp-image-12694\" src=\"https:\/\/freewalkertours.com\/wp-content\/uploads\/2025\/03\/8m-2-600x337-1.jpg\" alt=\"\" width=\"600\" height=\"337\" \/><\/p>\n<p><img loading=\"lazy\" decoding=\"async\" class=\"alignnone size-medium wp-image-12697\" src=\"https:\/\/freewalkertours.com\/wp-content\/uploads\/2025\/03\/8m-600x399-1.jpg\" alt=\"\" width=\"600\" height=\"399\" \/><\/p>\n","protected":false},"excerpt":{"rendered":"<p>MAR\u00c7O: O M\u00caS DAS MULHERES Sabemos que o dia 8 de mar\u00e7o \u00e9 considerado o Dia Internacional da Mulher. Muito al\u00e9m dessa data, o m\u00eas de mar\u00e7o \u00e9 considerado um m\u00eas de luta pelos direitos das mulheres. Vamos entender melhor! Leia.\u00a0 DATA COMEMORATIVA No in\u00edcio, esse processo de luta hist\u00f3rica das mulheres estava muito ligado [&hellip;]<\/p>\n","protected":false},"author":1,"featured_media":22775,"comment_status":"open","ping_status":"open","sticky":false,"template":"","format":"standard","meta":{"_acf_changed":false,"footnotes":""},"categories":[40,1,44,52],"tags":[],"destino":[59],"class_list":["post-22774","post","type-post","status-publish","format-standard","has-post-thumbnail","hentry","category-curiosidades-pt-br","category-fwt","category-historia-e-cultura","category-rio-de-janeiro-pt-br","destino-rio-de-janeiro"],"acf":[],"_links":{"self":[{"href":"https:\/\/freewalkertours.com\/pt-br\/wp-json\/wp\/v2\/posts\/22774","targetHints":{"allow":["GET"]}}],"collection":[{"href":"https:\/\/freewalkertours.com\/pt-br\/wp-json\/wp\/v2\/posts"}],"about":[{"href":"https:\/\/freewalkertours.com\/pt-br\/wp-json\/wp\/v2\/types\/post"}],"author":[{"embeddable":true,"href":"https:\/\/freewalkertours.com\/pt-br\/wp-json\/wp\/v2\/users\/1"}],"replies":[{"embeddable":true,"href":"https:\/\/freewalkertours.com\/pt-br\/wp-json\/wp\/v2\/comments?post=22774"}],"version-history":[{"count":1,"href":"https:\/\/freewalkertours.com\/pt-br\/wp-json\/wp\/v2\/posts\/22774\/revisions"}],"predecessor-version":[{"id":22789,"href":"https:\/\/freewalkertours.com\/pt-br\/wp-json\/wp\/v2\/posts\/22774\/revisions\/22789"}],"wp:featuredmedia":[{"embeddable":true,"href":"https:\/\/freewalkertours.com\/pt-br\/wp-json\/wp\/v2\/media\/22775"}],"wp:attachment":[{"href":"https:\/\/freewalkertours.com\/pt-br\/wp-json\/wp\/v2\/media?parent=22774"}],"wp:term":[{"taxonomy":"category","embeddable":true,"href":"https:\/\/freewalkertours.com\/pt-br\/wp-json\/wp\/v2\/categories?post=22774"},{"taxonomy":"post_tag","embeddable":true,"href":"https:\/\/freewalkertours.com\/pt-br\/wp-json\/wp\/v2\/tags?post=22774"},{"taxonomy":"destino","embeddable":true,"href":"https:\/\/freewalkertours.com\/pt-br\/wp-json\/wp\/v2\/destino?post=22774"}],"curies":[{"name":"wp","href":"https:\/\/api.w.org\/{rel}","templated":true}]}}