{"id":22302,"date":"2025-03-25T17:17:49","date_gmt":"2025-03-25T20:17:49","guid":{"rendered":"https:\/\/freewalkertours.com\/blog\/arco-do-telles-2\/"},"modified":"2025-06-30T18:00:32","modified_gmt":"2025-06-30T21:00:32","slug":"arco-do-telles-2","status":"publish","type":"post","link":"https:\/\/freewalkertours.com\/pt-br\/arco-do-telles-2\/","title":{"rendered":"Arco do Telles &#8211; do Rio Colonial aos dias atuais"},"content":{"rendered":"<p><span data-contrast=\"auto\">Provavelmente voc\u00ea j\u00e1 deve ter ouvido falar sobre o Arco do Telles. Esse \u00e9 um marco arquitet\u00f4nico na cidade do Rio de Janeiro e est\u00e1 localizado na Pra\u00e7a XV, uma das pra\u00e7as mais importantes da cidade tamb\u00e9m. Leia um pouco mais sobre esse ponto hist\u00f3rico t\u00e3o importante nesse post!\u00a0<\/span><span data-ccp-props=\"{\"201341983\":0,\"335551550\":6,\"335551620\":6,\"335559739\":160,\"335559740\":259}\">\u00a0<\/span><\/p>\n<h2>ONDE FICA O ARCO DO TELLES?<\/h2>\n<p><span data-contrast=\"auto\">Localizado na Pra\u00e7a XV de Novembro, o Arco do Telles, est\u00e1 bem no Centro da cidade do Rio de Janeiro. O Arco \u00e9 um marco hist\u00f3rico importante para a cidade e liga a Travessa do Com\u00e9rcio (at\u00e9 o in\u00edcio do s\u00e9culo XX, a travessa era considerada um dos principais n\u00facleos de imigrantes portugueses na cidade) \u00e0 Pra\u00e7a XV.\u00a0<\/span><span data-ccp-props=\"{\"201341983\":0,\"335551550\":6,\"335551620\":6,\"335559739\":160,\"335559740\":259}\">\u00a0<\/span><\/p>\n<p><span data-contrast=\"auto\">Veja mais detalhes sobre a <a href=\"https:\/\/freewalkertours.com\/pt-br\/praca-xv-lugar-historico-no-centro-do-rio\/\"><strong>Pra\u00e7a XV<\/strong><\/a> no centro da cidade do Rio. Leia nosso post!\u00a0<\/span><span data-ccp-props=\"{\"201341983\":0,\"335551550\":6,\"335551620\":6,\"335559739\":160,\"335559740\":259}\">\u00a0<\/span><\/p>\n<p><img fetchpriority=\"high\" decoding=\"async\" class=\"alignnone size-medium wp-image-14056\" src=\"https:\/\/freewalkertours.com\/wp-content\/uploads\/2025\/03\/praca-xv-arco-600x450-1.jpg\" alt=\"\" width=\"600\" height=\"450\" \/><\/p>\n<h2>QUAL A HIST\u00d3RIA DO ARCO DO TELLES?<\/h2>\n<p><span data-contrast=\"auto\">Tudo come\u00e7a por volta de 1738, quando ap\u00f3s a aprova\u00e7\u00e3o do projeto de Gomes Freire de Andrade, a Casa dos Governadores (o atual Pa\u00e7o Imperial) come\u00e7ou a ser constru\u00edda. Quando por fim foi conclu\u00edda a constru\u00e7\u00e3o em 1743, a regi\u00e3o come\u00e7ou a ganhar muita aten\u00e7\u00e3o e valoriza\u00e7\u00e3o.\u00a0<\/span><span data-ccp-props=\"{\"201341983\":0,\"335551550\":6,\"335551620\":6,\"335559739\":160,\"335559740\":259}\">\u00a0<\/span><\/p>\n<h3>FAM\u00cdLIA TELLES DE MENEZES<\/h3>\n<p><span data-contrast=\"auto\">Diante disso, o juiz portugu\u00eas Ant\u00f4nio Telles Barreto de Menezes, comprou alguns terrenos nessa \u00e1rea. Ele teve a ideia de construir um conjunto de casas para alugar aos comerciantes de classes altas da cidade.\u00a0<\/span><span data-ccp-props=\"{\"201341983\":0,\"335551550\":6,\"335551620\":6,\"335559739\":160,\"335559740\":259}\">\u00a0<\/span><\/p>\n<p><span data-contrast=\"auto\">A constru\u00e7\u00e3o \u00e9 datada do s\u00e9culo XVIII. A fam\u00edlia dos Telles de Menezes, eram conhecidos por seu monop\u00f3lio do Juizado de \u00d3rf\u00e3os e algumas outras varas na cidade do Rio de Janeiro, durante muitos anos.\u00a0<\/span><span data-ccp-props=\"{\"201341983\":0,\"335551550\":6,\"335551620\":6,\"335559739\":160,\"335559740\":259}\">\u00a0<\/span><\/p>\n<h3>SURGIMENTO DO ARCO<\/h3>\n<p><span data-contrast=\"auto\">Quando se iniciou a constru\u00e7\u00e3o o engenheiro portugu\u00eas <strong>Jos\u00e9\u00a0<\/strong><\/span><strong>Alpoim<\/strong><span data-contrast=\"auto\">\u00a0(respons\u00e1vel pelo Pa\u00e7o Imperial) observou que havia um agravante. O conjunto de casas do juiz fecharia totalmente a Travessa do Com\u00e9rcio (antigo Mercado do Peixe). A solu\u00e7\u00e3o seria criar um arco bem no meio dos pr\u00e9dios.\u00a0\u00a0<\/span><span data-ccp-props=\"{\"201341983\":0,\"335551550\":6,\"335551620\":6,\"335559739\":160,\"335559740\":259}\">\u00a0<\/span><\/p>\n<p><img decoding=\"async\" class=\"alignnone size-medium wp-image-14059\" src=\"https:\/\/freewalkertours.com\/wp-content\/uploads\/2025\/03\/travessa-do-comercio-600x400-1.jpg\" alt=\"\" width=\"600\" height=\"400\" \/><\/p>\n<p><span data-contrast=\"auto\">Um dos pr\u00e9dios da fam\u00edlia Telles de Menezes viria a tornar-se o Senado da C\u00e2mara (seria como a C\u00e2mara Municipal) naquela \u00e9poca. Essa \u00e1rea era muito frequentada pela alta sociedade carioca, pois era a \u00e9poca dos governadores e vice-reis.\u00a0<\/span><span data-ccp-props=\"{\"201341983\":0,\"335551550\":6,\"335551620\":6,\"335559739\":160,\"335559740\":259}\">\u00a0<\/span><\/p>\n<h3>DETALHE<\/h3>\n<p><span data-contrast=\"auto\">Muitas pessoas da alta classe da sociedade, frequentava a regi\u00e3o tamb\u00e9m pela devo\u00e7\u00e3o \u00e0 Nossa Senhora dos Prazeres, j\u00e1 que no local havia um local no interior do arco com a imagem da santa.\u00a0<\/span><span data-ccp-props=\"{\"201341983\":0,\"335551550\":6,\"335551620\":6,\"335559739\":160,\"335559740\":259}\">\u00a0<\/span><\/p>\n<h3>FATO MISTERIOSO<\/h3>\n<p><span data-contrast=\"auto\">Em 1790, um inc\u00eandio ocorreu numa loja pr\u00f3xima a Rua Primeiro de Mar\u00e7o (antiga Rua Direita). O fogo se espalhou e atingiu grande parte do conjunto de casas da fam\u00edlia Telles de Menezes. Infelizmente, s\u00f3 restou o que hoje constitui o Arco do Telles.\u00a0\u00a0<\/span><span data-ccp-props=\"{\"201341983\":0,\"335551550\":6,\"335551620\":6,\"335559739\":160,\"335559740\":259}\">\u00a0<\/span><\/p>\n<p><span data-contrast=\"auto\">Para alguns o inc\u00eandio foi criminoso, j\u00e1 que se perdeu grande parte dos documentos do Senado que funcionavam no pr\u00e9dio. Entre os documentos importantes, estavam as documenta\u00e7\u00f5es referentes aos primeiros recibos e cobran\u00e7as da cidade e os registros gerais dos im\u00f3veis.\u00a0\u00a0<\/span><span data-ccp-props=\"{\"201341983\":0,\"335551550\":6,\"335551620\":6,\"335559739\":160,\"335559740\":259}\">\u00a0<\/span><\/p>\n<p><img decoding=\"async\" class=\"alignnone size-medium wp-image-14062\" src=\"https:\/\/freewalkertours.com\/wp-content\/uploads\/2025\/03\/placa-600x450-1.jpg\" alt=\"\" width=\"600\" height=\"450\" \/><\/p>\n<p><span data-contrast=\"auto\">Com o incidente, a alta sociedade que residia na regi\u00e3o, se deslocou para outras zonas e a \u00e1rea teve uma imensa desvaloriza\u00e7\u00e3o. Esta \u00e1rea passou\u00a0ent\u00e3o a ser habitada pelas pessoas que n\u00e3o tinham moradia, incluindo ladr\u00f5es e prostitutas.\u00a0<\/span><span data-ccp-props=\"{\"201341983\":0,\"335551550\":6,\"335551620\":6,\"335559739\":160,\"335559740\":259}\">\u00a0<\/span><\/p>\n<h3>CURIOSIDADE<span data-ccp-props=\"{\"201341983\":0,\"335551550\":6,\"335551620\":6,\"335559739\":160,\"335559740\":259}\">\u00a0<\/span><\/h3>\n<p><span data-contrast=\"auto\">Ap\u00f3s a desvaloriza\u00e7\u00e3o da \u00e1rea, a imagem da Nossa Senhora dos Prazeres foi retirada do local pelos moradores da redondeza. <\/span><\/p>\n<p><span data-contrast=\"auto\">Essas pessoas acreditavam que a imagem n\u00e3o poderia estar em um local com a circula\u00e7\u00e3o de pessoas com baixo n\u00edvel social. A imagem foi recolocada na Igreja de Santo Ant\u00f4nio dos Pobres (Rua dos Inv\u00e1lidos, centro do Rio), estando ali at\u00e9 os dias atuais.\u00a0<\/span><span data-ccp-props=\"{\"201341983\":0,\"335551550\":6,\"335551620\":6,\"335559739\":160,\"335559740\":259}\">\u00a0<\/span><\/p>\n<p><span data-contrast=\"auto\">Leia mais detalhes e curiosidades sobre o <a href=\"https:\/\/freewalkertours.com\/es\/centro-de-rio-de-janeiro\/\"><strong>Centro do Rio de Janeiro<\/strong><\/a>. A cidade \u00e9 cheia de atra\u00e7\u00f5es e o centro \u00e9 uma delas, aproveite!\u00a0<\/span><span data-ccp-props=\"{\"201341983\":0,\"335551550\":6,\"335551620\":6,\"335559739\":160,\"335559740\":259}\">\u00a0<\/span><\/p>\n<h2>CHEGADA DA FAM\u00cdLIA REAL PORTUGUESA<\/h2>\n<p><span data-contrast=\"auto\">A chegada da fam\u00edlia real portuguesa no Brasil e mais precisamente no Rio de Janeiro, trouxe para a regi\u00e3o, novamente o prest\u00edgio e valoriza\u00e7\u00e3o. A fam\u00edlia real estava alojada no Pa\u00e7o Imperial, na Pra\u00e7a XV. <\/span><\/p>\n<p><span data-contrast=\"auto\">Algum tempo depois com a era da moderniza\u00e7\u00e3o na cidade, outras regi\u00f5es passaram a ser mais atraentes para a sociedade. E novamente essa regi\u00e3o ficou um pouco esquecida.\u00a0<\/span><span data-ccp-props=\"{\"201341983\":0,\"335551550\":6,\"335551620\":6,\"335559739\":160,\"335559740\":259}\">\u00a0<\/span><\/p>\n<p><span data-contrast=\"auto\">Veja mais detalhes sobre o Pa\u00e7o Imperial e a fam\u00edlia real portuguesa no nosso post: <a href=\"https:\/\/freewalkertours.com\/pt-br\/paco-imperial\/\"><strong>Pa\u00e7o Imperial<\/strong><\/a>.\u00a0\u00a0<\/span><span data-ccp-props=\"{\"201341983\":0,\"335551550\":6,\"335551620\":6,\"335559739\":160,\"335559740\":259}\">\u00a0<\/span><\/p>\n<h3>DICA<\/h3>\n<p>Participe do nosso <a href=\"https:\/\/freewalkertours.com\/pt-br\/rio-de-janeiro\/passeios\/free-walking-tour-centro-e-lapa\/\"><strong>Free Walking Tour do Centro e Lapa<\/strong><\/a>. N\u00f3s te contaremos toda a hist\u00f3ria do Brasil, desde o per\u00edodo colonial at\u00e9 os dias atuais. Ainda poder\u00e1 visitar v\u00e1rios pontos tur\u00edsticos e hist\u00f3ricos da cidade como o Arco do Telles.<\/p>\n<p><img loading=\"lazy\" decoding=\"async\" class=\"alignnone size-medium wp-image-3407\" src=\"https:\/\/freewalkertours.com\/wp-content\/uploads\/2025\/03\/centro-do-rio-de-janeiro-1-600x329-1.jpg\" alt=\"centro-de-rio-de-janeiro\" width=\"600\" height=\"329\" \/><\/p>\n<h2>O ARCO DO TELLES NO S\u00c9CULO XXI<\/h2>\n<p><span data-contrast=\"auto\">Nos dias atuais o Arco do Telles e regi\u00e3o \u00e9 bastante conhecida como local para o p\u00f3s-expediente, alguns eventos e comemora\u00e7\u00f5es. As ruas est\u00e3o cheias de bares e restaurantes. Movimentos culturais e comemora\u00e7\u00f5es de carnaval sempre acontecem nesta \u00e1rea.\u00a0<\/span><span data-ccp-props=\"{\"201341983\":0,\"335551550\":6,\"335551620\":6,\"335559739\":160,\"335559740\":259}\">\u00a0<\/span><\/p>\n<p><img loading=\"lazy\" decoding=\"async\" class=\"alignnone size-medium wp-image-14065\" src=\"https:\/\/freewalkertours.com\/wp-content\/uploads\/2025\/03\/bares-600x337-1.jpg\" alt=\"\" width=\"600\" height=\"337\" \/><\/p>\n<p><span data-contrast=\"auto\">O local \u00e9 bastante frequentado principalmente pela localiza\u00e7\u00e3o estrat\u00e9gica, sendo no centro da cidade.\u00a0Esta zona \u00e9 uma \u00e1rea exclusiva para pedestres, n\u00e3o \u00e9 permitido a circula\u00e7\u00e3o de carros na <strong>Travessa do Com\u00e9rcio<\/strong> e no <strong>Arco do Telles<\/strong>. A rua \u00e9 cal\u00e7ada e tem um toque de Rio Antigo, com pedras planas.\u00a0<\/span><span data-ccp-props=\"{\"201341983\":0,\"335551550\":6,\"335551620\":6,\"335559739\":160,\"335559740\":259}\">\u00a0<\/span><\/p>\n<p><span data-contrast=\"auto\">Tombado pelo Patrim\u00f4nio Hist\u00f3rico o Arco do Teles, sobrevive em meio as diversas novas constru\u00e7\u00f5es resultado da modernidade do s\u00e9culo XX. Contraste muito presente, principalmente no centro da cidade do Rio de Janeiro.\u00a0<\/span><span data-ccp-props=\"{\"201341983\":0,\"335551550\":6,\"335551620\":6,\"335559739\":160,\"335559740\":259}\">\u00a0<\/span><\/p>\n<h3>CURIOSIDADE &#8211; MORADORAS FAMOSAS<span data-ccp-props=\"{\"201341983\":0,\"335551550\":6,\"335551620\":6,\"335559739\":160,\"335559740\":259}\">\u00a0<\/span><\/h3>\n<p><span data-contrast=\"auto\">Duas portuguesas, residiram nesta regi\u00e3o. Uma delas \u00e9 conhecida como uma lenda urbana e a outra uma grande artista que fez sucesso no Brasil e no mundo. Leia.\u00a0<\/span><span data-ccp-props=\"{\"201341983\":0,\"335551550\":6,\"335551620\":6,\"335559739\":160,\"335559740\":259}\">\u00a0<\/span><\/p>\n<h3>BARBARA DOS PRAZERES<span data-ccp-props=\"{\"201341983\":0,\"335551550\":6,\"335551620\":6,\"335559739\":160,\"335559740\":259}\">\u00a0<\/span><\/h3>\n<p><span data-contrast=\"auto\">Esta imigrante portuguesa, morou em um pr\u00e9dio bem pr\u00f3ximo ao Arco do Telles depois do inc\u00eandio que ocorreu em 1790. Ela era uma prostituta. Depois que come\u00e7ou a envelhecer e j\u00e1 n\u00e3o conseguia mais clientes, devido a sua apar\u00eancia, come\u00e7ou a se envolver com rituais de \u201cmagia negra\u201d.\u00a0<\/span><span data-ccp-props=\"{\"201341983\":0,\"335551550\":6,\"335551620\":6,\"335559739\":160,\"335559740\":259}\">\u00a0<\/span><\/p>\n<p><span data-contrast=\"auto\">A lenda popular conta que, Barbara teria sido respons\u00e1vel pelo desaparecimento de algumas crian\u00e7as nessa \u00e9poca. Eles seriam utilizados nos rituais de busca pelo rejuvenescimento dela.\u00a0<\/span><span data-ccp-props=\"{\"201341983\":0,\"335551550\":6,\"335551620\":6,\"335559739\":160,\"335559740\":259}\">\u00a0<\/span><\/p>\n<h3>CARMEM MIRANDA<span data-ccp-props=\"{\"201341983\":0,\"335551550\":6,\"335551620\":6,\"335559739\":160,\"335559740\":259}\">\u00a0<\/span><\/h3>\n<p><span data-contrast=\"auto\">Se voc\u00ea caminhar pela Travessa do Com\u00e9rcio, pode observar o sobrado com n\u00famero 13. L\u00e1 foi onde morou a fam\u00edlia da cantora portuguesa Carmem Miranda. Isso mesmo, portuguesa. <\/span><\/p>\n<p><span data-contrast=\"auto\">Muitos pensam que a Carmem era brasileira, mas n\u00e3o era. Nesse sobrado, funcionava uma pens\u00e3o de refei\u00e7\u00f5es e a resid\u00eancia da Dona Maria, m\u00e3e da Carmem. Eles residiram no sobrado por seis anos.\u00a0<\/span><span data-ccp-props=\"{\"201341983\":0,\"335551550\":6,\"335551620\":6,\"335559739\":160,\"335559740\":259}\">\u00a0<\/span><\/p>\n<p><img loading=\"lazy\" decoding=\"async\" class=\"alignnone size-medium wp-image-14068\" src=\"https:\/\/freewalkertours.com\/wp-content\/uploads\/2025\/03\/carmem-miranda-1-461x600-1.jpg\" alt=\"\" width=\"461\" height=\"600\" \/><\/p>\n<h3>DETALHE<\/h3>\n<p><span data-contrast=\"auto\">A Carmem Miranda era uma ass\u00eddua frequentadora da Lapa. Com toda certeza, era a portuguesa mais carioca, que o Rio j\u00e1 teve. Voc\u00ea j\u00e1 conheceu o bairro da Lapa? D\u00e1 uma lida, no nosso post sobre este bairro de festa: <a href=\"https:\/\/freewalkertours.com\/es\/lapa-rio-de-janeiro\/\"><strong>Lapa \u2013 Rio de Janeiro<\/strong><\/a>.\u00a0<\/span><span data-ccp-props=\"{\"201341983\":0,\"335551550\":6,\"335551620\":6,\"335559739\":160,\"335559740\":259}\">\u00a0<\/span><\/p>\n<h3>DICA<\/h3>\n<p><span data-contrast=\"auto\">Prefira visitar a regi\u00e3o da Rua do Ouvidor, Travessa do Com\u00e9rcio e Arco do Telles em dias de semana. Durante os finais de semana, se n\u00e3o houver comemora\u00e7\u00f5es e eventos como quando \u00e9 carnaval por exemplo, n\u00e3o haver\u00e1 uma alta circula\u00e7\u00e3o de pessoas na regi\u00e3o, ent\u00e3o esteja atento!\u00a0<\/span><span data-contrast=\"auto\"> <\/span><span data-contrast=\"auto\">\u00a0<\/span><span data-ccp-props=\"{\"201341983\":0,\"335551550\":6,\"335551620\":6,\"335559739\":160,\"335559740\":259}\">\u00a0<\/span><\/p>\n<p><span data-contrast=\"auto\">\u00a0<\/span><span data-ccp-props=\"{\"201341983\":0,\"335559739\":160,\"335559740\":259}\">\u00a0<img loading=\"lazy\" decoding=\"async\" class=\"alignnone size-medium wp-image-14071\" src=\"https:\/\/freewalkertours.com\/wp-content\/uploads\/2025\/03\/arco-do-teles-2-600x400-1.jpg\" alt=\"\" width=\"600\" height=\"400\" \/><\/span><\/p>\n<p><span data-contrast=\"auto\">O que voc\u00ea achou sobre esse lugar t\u00e3o ic\u00f4nico no centro da cidade? O Arco do Telles \u00e9 um peda\u00e7o do Rio Antigo.<\/span><span data-ccp-props=\"{\"201341983\":0,\"335559739\":160,\"335559740\":259}\">\u00a0<\/span><\/p>\n","protected":false},"excerpt":{"rendered":"<p>Provavelmente voc\u00ea j\u00e1 deve ter ouvido falar sobre o Arco do Telles. Esse \u00e9 um marco arquitet\u00f4nico na cidade do Rio de Janeiro e est\u00e1 localizado na Pra\u00e7a XV, uma das pra\u00e7as mais importantes da cidade tamb\u00e9m. Leia um pouco mais sobre esse ponto hist\u00f3rico t\u00e3o importante nesse post!\u00a0\u00a0 ONDE FICA O ARCO DO TELLES? [&hellip;]<\/p>\n","protected":false},"author":1,"featured_media":18170,"comment_status":"open","ping_status":"open","sticky":false,"template":"","format":"standard","meta":{"_acf_changed":false,"footnotes":""},"categories":[1,44,52],"tags":[],"destino":[59],"class_list":["post-22302","post","type-post","status-publish","format-standard","has-post-thumbnail","hentry","category-fwt","category-historia-e-cultura","category-rio-de-janeiro-pt-br","destino-rio-de-janeiro"],"acf":[],"_links":{"self":[{"href":"https:\/\/freewalkertours.com\/pt-br\/wp-json\/wp\/v2\/posts\/22302","targetHints":{"allow":["GET"]}}],"collection":[{"href":"https:\/\/freewalkertours.com\/pt-br\/wp-json\/wp\/v2\/posts"}],"about":[{"href":"https:\/\/freewalkertours.com\/pt-br\/wp-json\/wp\/v2\/types\/post"}],"author":[{"embeddable":true,"href":"https:\/\/freewalkertours.com\/pt-br\/wp-json\/wp\/v2\/users\/1"}],"replies":[{"embeddable":true,"href":"https:\/\/freewalkertours.com\/pt-br\/wp-json\/wp\/v2\/comments?post=22302"}],"version-history":[{"count":1,"href":"https:\/\/freewalkertours.com\/pt-br\/wp-json\/wp\/v2\/posts\/22302\/revisions"}],"predecessor-version":[{"id":22303,"href":"https:\/\/freewalkertours.com\/pt-br\/wp-json\/wp\/v2\/posts\/22302\/revisions\/22303"}],"wp:featuredmedia":[{"embeddable":true,"href":"https:\/\/freewalkertours.com\/pt-br\/wp-json\/wp\/v2\/media\/18170"}],"wp:attachment":[{"href":"https:\/\/freewalkertours.com\/pt-br\/wp-json\/wp\/v2\/media?parent=22302"}],"wp:term":[{"taxonomy":"category","embeddable":true,"href":"https:\/\/freewalkertours.com\/pt-br\/wp-json\/wp\/v2\/categories?post=22302"},{"taxonomy":"post_tag","embeddable":true,"href":"https:\/\/freewalkertours.com\/pt-br\/wp-json\/wp\/v2\/tags?post=22302"},{"taxonomy":"destino","embeddable":true,"href":"https:\/\/freewalkertours.com\/pt-br\/wp-json\/wp\/v2\/destino?post=22302"}],"curies":[{"name":"wp","href":"https:\/\/api.w.org\/{rel}","templated":true}]}}