{"id":22915,"date":"2025-03-25T17:33:04","date_gmt":"2025-03-25T20:33:04","guid":{"rendered":"https:\/\/freewalkertours.com\/blog\/leblon-historia-y-curiosidades\/"},"modified":"2025-06-30T18:07:54","modified_gmt":"2025-06-30T21:07:54","slug":"leblon-historia-y-curiosidades","status":"publish","type":"post","link":"https:\/\/freewalkertours.com\/es\/leblon-historia-y-curiosidades\/","title":{"rendered":"Leblon &#8211; \u00a1Historia y curiosidades!"},"content":{"rendered":"<h2>Leblon<\/h2>\n<p>\u00a0<\/p>\n<p>Inmortalizado como escenario de varias novelas, Leblon es conocido por la belleza natural de su playa, sus calles tranquilas y su gastronom\u00eda. La direcci\u00f3n es preferida por muchas celebridades. \u00a1Hoy Leblon es la zona m\u00e1s exclusiva de R\u00edo de Janeiro y el metro cuadrado m\u00e1s caro de Brasil!<\/p>\n<p>\u00a0<\/p>\n<p><img fetchpriority=\"high\" decoding=\"async\" class=\"alignnone size-medium wp-image-13552\" src=\"https:\/\/freewalkertours.com\/wp-content\/uploads\/2025\/03\/8521683621_caa23915b0_o-600x398-1.jpg\" alt=\"praia_leblon\" width=\"600\" height=\"398\" \/><\/p>\n<p>\u00a0<\/p>\n<p>Leblon obtuvo su nombre despu\u00e9s de que el franc\u00e9s Charles Leblon comprara la antigua granja que exist\u00eda en la regi\u00f3n. Desde entonces, la historia del barrio ha pasado por varios cap\u00edtulos interesantes.<\/p>\n<p>El vecindario fue una vez un pueblo de pescadores aislado, quilombos protegidos que resistieron la esclavitud y celebraron campeonatos de autom\u00f3viles. \u00a1Hoy Leblon es uno de los barrios m\u00e1s deseados de la ciudad maravillosa! \u00a1Descubre todos los consejos y curiosidades sobre el barrio m\u00e1s exclusivo de R\u00edo de Janeiro!<\/p>\n<h2>QU\u00c9 HACER EN LEBLON<\/h2>\n<p>\u00a0<\/p>\n<p>Aqu\u00ed hay algunas opciones gratuitas para disfrutar lo mejor de Leblon:<\/p>\n<h2>PLAYA LEBLON<\/h2>\n<p>\u00a0<\/p>\n<p><img decoding=\"async\" class=\"alignnone size-medium wp-image-13546\" src=\"https:\/\/freewalkertours.com\/wp-content\/uploads\/2025\/03\/Praia_de_Ipanema_e_Leblon_e_Morro_Dois_Irmaos_vista_da_Pedra_do_Arpoador-600x450-1.jpg\" alt=\"Praia_Leblon\" width=\"600\" height=\"450\" \/><\/p>\n<p>\u00a1La maravillosa vista de la playa de Leblon es una de las mayores atracciones del vecindario! \u00a1Desde la orilla tambi\u00e9n puedes disfrutar del Morro Dois Irm\u00e3os! La playa de Leblon tiene dos estaciones: 11 y 12.<\/p>\n<p><img decoding=\"async\" class=\"alignnone size-medium wp-image-13555\" src=\"https:\/\/freewalkertours.com\/wp-content\/uploads\/2025\/03\/556711626_e1f6b673d4_o-600x450-1.jpg\" alt=\"posto 12 leblon\" width=\"600\" height=\"450\" \/><\/p>\n<p>\u00a1La maravillosa vista de la playa de Leblon es una de las mayores atracciones del vecindario! \u00a1Desde la orilla tambi\u00e9n puedes disfrutar del Morro Dos Hermanos! La playa de Leblon tiene dos Postos: 11 y 12.<\/p>\n<p>Los Postos son muy \u00fatiles para los lugare\u00f1os como una forma de ubicarse en las playas. Cada 1 km, tenemos un Posto. El Posto tiene ba\u00f1os, duchas y atenci\u00f3n m\u00e9dica. \u00a1Todos los Postos son conocidos por atraer um publico diferente! Los Postos 11 y 12 se consideran m\u00e1s exclusivas. \u00a1Estos son los Postos favoritos de las celebridades! Postos 11 y 12 tambi\u00e9n son frecuentados por familias.<\/p>\n<p>\u00a0<\/p>\n<h2>\u00c1REA PARA NI\u00d1OS<\/h2>\n<p>\u00a0<\/p>\n<p>Junto al post 12 tenemos el Baixo Baby. \u00a1Este espacio est\u00e1 destinado a ni\u00f1os y ofrece un \u00e1rea con juguetes y actividades para los m\u00e1s peque\u00f1os!<\/p>\n<h2>\u00a1CAIPIRINHA EN LA PLAYA!<\/h2>\n<p>\u00a0<\/p>\n<p><img loading=\"lazy\" decoding=\"async\" class=\"alignnone size-medium wp-image-13549\" src=\"https:\/\/freewalkertours.com\/wp-content\/uploads\/2025\/03\/5696441622_14a6593d48_o-600x400-1.jpg\" alt=\"praia_leblon\" width=\"600\" height=\"400\" \/><\/p>\n<p>La playa tambi\u00e9n tiene varios quioscos. \u00a1Una de las caipirinhas m\u00e1s famosas de la playa de Leblon es el quiosco portugu\u00e9s! El quiosco 5 est\u00e1 en la acera frente al Hotel Marina en la Av. Delfim Moreira.<\/p>\n<p>\u00a0<\/p>\n<h2>MIRADOR DE LEBLON<\/h2>\n<p>\u00a0<\/p>\n<p><strong> <img loading=\"lazy\" decoding=\"async\" class=\"alignnone size-medium wp-image-13558\" src=\"https:\/\/freewalkertours.com\/wp-content\/uploads\/2025\/03\/Mirante_do_Leblon-600x450-1.jpg\" alt=\"Mirante_Leblon\" width=\"600\" height=\"450\" \/><\/strong><\/p>\n<p>\u00a0<\/p>\n<p>\u00a1Al final de la playa hay un mirador de madera! \u00a1Desde all\u00ed tenemos una vista privilegiada de las playas de Leblon, Ipanema y S\u00e3o Conrado! \u00a1La admisi\u00f3n es gratuita! \u00a1El mirador es uno de los mejores lugares para tomar fotos, beber agua de coco y disfrutar de la belleza de R\u00edo!<\/p>\n<p>\u00a0<\/p>\n<p>\u00a1Vea m\u00e1s consejos sobre el <a href=\"https:\/\/freewalkertours.com\/es\/mirador-do-leblon\/\">Mirador de Leblon<\/a>!<\/p>\n<p>\u00a0<\/p>\n<p>PARQUE DOS HERMANOS<\/p>\n<p>\u00a0<\/p>\n<p><strong> <img loading=\"lazy\" decoding=\"async\" class=\"alignnone size-medium wp-image-13561\" src=\"https:\/\/freewalkertours.com\/wp-content\/uploads\/2025\/03\/3483568089_f4374bc023_o-600x400-1.jpg\" alt=\"parque penhasco dois irm\u00e3os leblon\" width=\"600\" height=\"400\" \/><\/strong><\/p>\n<p>\u00a0<\/p>\n<p>\u00a1El Parque Penhasco Dois Irm\u00e3os tiene una de las mejores vistas de la zona sur! El parque tiene 4 miradores a lo largo de una pendiente. Desde los miradores es posible ver la laguna Rodrigo de Freitas, el Jard\u00edn Bot\u00e1nico y el Corcovado. Adem\u00e1s de los miradores, el parque tambi\u00e9n cuenta con bebederos, ba\u00f1os, canchas deportivas, \u00e1reas de picnic y esculturas de Oscar Niemeyer. La ruta se puede hacer a pie o en coche.<\/p>\n<p>\u00a0<\/p>\n<p>El parque tiene entrada y estacionamiento gratuitos.<\/p>\n<p>\u00a0<\/p>\n<p>Direcci\u00f3n: Calle Aperana, &#8211; Leblon.<\/p>\n<p>Horario: martes a domingo, de 8 a 17 h.<\/p>\n<p>Ver m\u00e1s informaci\u00f3n sobre el <a href=\"http:\/\/visit.rio\/que_fazer\/parque-natural-municipal-penhasco-dois-irmaos\/\" target=\"_blank\" rel=\"noopener\">Parque Penhasco Dois Irm\u00e3os.<\/a><\/p>\n<h2>Jobi<\/h2>\n<p>\u00a0<\/p>\n<p>\u00a1Un verdadero \u00edcono en la vida bohemia de Leblon! \u00a1Fundada hace m\u00e1s de 50 a\u00f1os, Jobi es una excelente opci\u00f3n para despu\u00e9s de la playa o al final de la noche! \u00a1El bar es famoso por los bocadillos t\u00edpicos de los mejores bares de R\u00edo y por la cerveza fr\u00eda de barril! Jobi tambi\u00e9n tiene opciones de platos m\u00e1s tradicionales como el bacalao Gomes de S\u00e1 y la carne seca con farofa.<\/p>\n<p>\u00a0<\/p>\n<p>Direcci\u00f3n: Av. Ataulfo \u200b\u200bde Paiva, 1166 B &#8211; Leblon<\/p>\n<p>\u00a0<\/p>\n<p>Echa un vistazo a nuestra lista completa de <a href=\"https:\/\/freewalkertours.com\/es\/bares-en-leblon\/\">Los Mejores Bares De Leblon<\/a><\/p>\n<p>\u00a0<\/p>\n<h2>Quilombos<\/h2>\n<p>\u00a0<\/p>\n<p>A fines del siglo XIX, la ciudad de R\u00edo de Janeiro ten\u00eda varios quilombos repartidos en barrios como Vila Isabel, Engenho Novo, Penha, Laranjeiras y Santa Teresa, incluso en los bosques de Morro do Corcovado.<\/p>\n<p>Quilombo era el nombre dado a las comunidades formadas por negros que hu\u00edan de la esclavitud. Las comunidades quilombolas se han convertido en una de las formas de resistencia al r\u00e9gimen esclavista. Quilombos apareci\u00f3 por primera vez en el noreste del pa\u00eds, al comienzo del ciclo del az\u00facar, alrededor del siglo XVI.<\/p>\n<p>Sin lugar a dudas, uno de los quilombos m\u00e1s interesantes fue Leblon, tambi\u00e9n conocido como \u00abQuilombo do Seixas\u00bb. Nacido en Portugal en 1830, Jos\u00e9 de Magalh\u00e3es Seixas lleg\u00f3 a Brasil a los catorce a\u00f1os. Durante muchos a\u00f1os, Seixas trabaj\u00f3 en el comercio de bolsos y otros art\u00edculos de cuero en su tienda en el centro de R\u00edo.<\/p>\n<p>\u00a0<\/p>\n<p><strong><img loading=\"lazy\" decoding=\"async\" class=\"alignnone size-medium wp-image-13564\" src=\"https:\/\/freewalkertours.com\/wp-content\/uploads\/2025\/03\/Rugendasroda-600x416-1.jpg\" alt=\"quilombo\" width=\"600\" height=\"416\" \/><\/strong><\/p>\n<p>\u00a0<\/p>\n<p>La empresa estaba muy avanzada por el momento, utilizando m\u00e1quinas en la fabricaci\u00f3n. Sus productos tuvieron bastante \u00e9xito en Europa. Por lo tanto, Seixas recaud\u00f3 suficiente capital para comprar la gran granja en la Zona Sur de la ciudad. En el terreno, construy\u00f3 una casa donde hoy se encuentra el Club Federal, en la ladera de Morro Dois Irm\u00e3os. El \u00e1rea hoy se conoce como Alto Leblon<\/p>\n<p>Conocida como Ch\u00e1cara das Cam\u00e9lias, la propiedad fue la m\u00e1s grande que existi\u00f3 en el barrio de Leblon en el siglo XIX. En la granja, adem\u00e1s de la f\u00e1brica de vapor, tambi\u00e9n se cultivaron camelias, flores que se adoptaron como s\u00edmbolo del movimiento abolicionista.<\/p>\n<p>Era com\u00fan que los miembros del movimiento usaran una camelia en sus solapas como una forma de indicar de qu\u00e9 lado estaban. La simbolog\u00eda se debe al hecho de que la antiesclavitud cre\u00eda que el fin de la esclavitud era una prueba de civilidad. Las camelias eran flores sofisticadas, dif\u00edciles de cultivar y, por lo tanto, relacionadas con el progreso. Las flores fueron introducidas en Brasil en el siglo XIX.<\/p>\n<h2>RESISTENCIA Y ABOLICI\u00d3N<\/h2>\n<p>\u00a0<\/p>\n<p>Una figura curiosa, Seixas fue un exitoso comerciante y burgu\u00e9s industrial burgu\u00e9s, que al mismo tiempo estuvo activo en el movimiento social m\u00e1s grande de Brasil, apoyando a los grupos abolicionistas en R\u00edo. Tambi\u00e9n cont\u00f3 con la protecci\u00f3n de la propia Princesa Isabel, que tambi\u00e9n frecuentaba a Quilombo. Granja. La princesa regularmente le compraba las camelias que adornaban su mesa de trabajo en su residencia en Pal\u00e1cio das Laranjeiras, ahora el actual asiento del gobierno estatal.<\/p>\n<p>En la parte posterior de Ch\u00e1cara das Cam\u00e9lias, hab\u00eda una cueva donde Seixas albergaba a docenas de negros fugitivos. La entrada a la cueva estaba oculta por una puerta cubierta con las coronas de Cristo. \u00a1El disfraz protegi\u00f3 al quilombo de varias revistas policiales! Adem\u00e1s del refugio, el quilombo tambi\u00e9n sirvi\u00f3 como escenario para reuniones que discutieron acciones para terminar con la esclavitud en Brasil. Figuras importantes en el movimiento, como Andr\u00e9 Rebou\u00e7as, Joaquim Nabuco y Rui Barbosa, frecuentaron la fortaleza que tambi\u00e9n se utiliz\u00f3 para las manifestaciones de la cultura negra.<\/p>\n<p>\u00a0<\/p>\n<p><img loading=\"lazy\" decoding=\"async\" class=\"alignnone size-medium wp-image-13597\" src=\"https:\/\/freewalkertours.com\/wp-content\/uploads\/2025\/03\/Missa_campal_celebrada_em_acao_de_gracas_pela_Abolicao_da_Escravatura_no_Brasil_1888-600x335-1.jpg\" alt=\"Missa_campal_celebrada_em_a\u00e7\u00e3o_de_gra\u00e7as_pela_Aboli\u00e7\u00e3o_da_Escravatura_no_Brasil,_1888\" width=\"600\" height=\"335\" \/><\/p>\n<p>\u00a0<\/p>\n<p>Cuando se firm\u00f3 la Ley de Oro, que aboli\u00f3 la esclavitud en Brasil, el 13 de mayo de 1888, los negros que viv\u00edan en el quilombo abandonaron la cueva y se dirigieron a pie al Palacio Imperial, en el centro de la ciudad. Se llevaron con ellos docenas de camelias cultivadas en la granja para entregar a la princesa Isabel. Quilombo do Leblon fue visto como un hito de la civilizaci\u00f3n y la modernidad. Hoy puede considerarse quiz\u00e1s el punto m\u00e1s alto en la historia del barrio.<\/p>\n<p>\u00a0<\/p>\n<h2>LA CREACI\u00d3N DEL BARRIO<\/h2>\n<p>\u00a0<\/p>\n<p>La subdivisi\u00f3n de Leblon comenz\u00f3 en el siglo XX. Hasta principios de siglo, el \u00e1rea de Leblon era vista como una extensi\u00f3n de G\u00e1vea, siendo considerada un \u00e1rea pobre. Sin iluminaci\u00f3n el\u00e9ctrica (que solo lleg\u00f3 a Ipanema), solo pescadores y algunos propietarios con peque\u00f1as plantaciones viv\u00edan en la regi\u00f3n.<\/p>\n<p>Solo en las primeras d\u00e9cadas del siglo XX el poder p\u00fablico dirigi\u00f3 su atenci\u00f3n a la regi\u00f3n. Con inversiones vinculadas a la construcci\u00f3n civil, a la provisi\u00f3n de servicios p\u00fablicos, como el transporte, el suministro de agua y electricidad, la regi\u00f3n est\u00e1 experimentando grandes transformaciones urbanas en diferentes per\u00edodos, bajo diferentes gobiernos. Estos cambios, adem\u00e1s de las atracciones naturales, m\u00e1s tarde har\u00edan que el vecindario fuera m\u00e1s atractivo para las clases m\u00e1s ricas.<\/p>\n<p>\u00a0<\/p>\n<p><img loading=\"lazy\" decoding=\"async\" class=\"alignnone size-medium wp-image-13567\" style=\"font-size: 1rem;\" src=\"https:\/\/freewalkertours.com\/wp-content\/uploads\/2025\/03\/29360502771_bfd1b37eaf_o-600x411-1.jpg\" alt=\"leblon 1920\" width=\"600\" height=\"411\" \/><\/p>\n<p>\u00a0<\/p>\n<p>El proceso de subdivisi\u00f3n y urbanizaci\u00f3n de Leblon solo comenz\u00f3 en 1901, siendo comandado principalmente por la familia Ludolf. La familia era propietaria de la mayor parte de la tierra y tambi\u00e9n ten\u00eda una participaci\u00f3n en Companhia Industrial da G\u00e1vea.<\/p>\n<p>En 1914, se autoriz\u00f3 al gobierno de la Compa\u00f1\u00eda Jardim Bot\u00e1nica a extender sus l\u00edneas de tranv\u00eda desde G\u00e1vea e Ipanema a Leblon. La compa\u00f1\u00eda abri\u00f3 varias calles en el vecindario, incluidas sus avenidas principales. Esto gener\u00f3 una gran atracci\u00f3n para la empresa en la regi\u00f3n. En 1919, la Compa\u00f1\u00eda Construtora de Ipanema vendi\u00f3 tierras \u00abpor dinero y cuotas\u00bb en ambos vecindarios. El plan de subdivisi\u00f3n registrado en el Ayuntamiento mostr\u00f3 el nombre de las calles y su ubicaci\u00f3n.<\/p>\n<h2>UN REY EN LEBLON<\/h2>\n<p>\u00a0<\/p>\n<p><img loading=\"lazy\" decoding=\"async\" class=\"alignnone size-medium wp-image-13570\" src=\"https:\/\/freewalkertours.com\/wp-content\/uploads\/2025\/03\/29360501821_e5d705f606_o-600x438-1.jpg\" alt=\"avenida niemeyer 1920 leblon\" width=\"600\" height=\"438\" \/><\/p>\n<p>\u00a0<\/p>\n<p>Fue durante este per\u00edodo que Leblon recibi\u00f3 dos de sus rutas m\u00e1s ic\u00f3nicas. En 1919, la Compa\u00f1\u00eda de Melhoramentos en R\u00edo de Janeiro complet\u00f3 la construcci\u00f3n de la Avenida Niemeyer. La calle recibi\u00f3 este nombre en honor al comandante Jacob Niemeyer, quien don\u00f3 estas tierras al ayuntamiento.<\/p>\n<p>Una curiosidad es que la avenida fue ampliada y macadamizada un a\u00f1o despu\u00e9s para la visita del rey Alberto de B\u00e9lgica. Para la ocasi\u00f3n, la Avenida Delfim Moreira tambi\u00e9n se construy\u00f3 al final de la Avenida Vieira Souto haciendo la conexi\u00f3n con el comienzo de la Avenida Niemeyer.<\/p>\n<p>\u00a0<\/p>\n<p><img loading=\"lazy\" decoding=\"async\" class=\"alignnone size-medium wp-image-13601\" src=\"https:\/\/freewalkertours.com\/wp-content\/uploads\/2025\/03\/36238353011_ce6041c980_o-600x439-1.jpg\" alt=\"avenida leblon\" width=\"600\" height=\"439\" \/><\/p>\n<p>\u00a0<\/p>\n<p>El nombre fue un homenaje al presidente de Minas Gerais, que asumi\u00f3 el cargo en 1918 despu\u00e9s de la muerte del presidente electo, Rodrigues Alves. Por lo tanto, Leblon finalmente ten\u00eda dos grandes avenidas modernas, pavimentadas e iluminadas, continuando el proceso de expansi\u00f3n de la ciudad a la Zona Sur.<\/p>\n<p>\u00a0<\/p>\n<h2>JARDIN DE ALAH<\/h2>\n<p>\u00a0<\/p>\n<p><img loading=\"lazy\" decoding=\"async\" class=\"alignnone size-full wp-image-13573\" src=\"https:\/\/freewalkertours.com\/wp-content\/uploads\/2025\/03\/Jadrdimalah.jpg\" alt=\"Jardim alah leblon\" width=\"400\" height=\"267\" \/><\/p>\n<p>\u00a0<\/p>\n<p>Durante la administraci\u00f3n del alcalde Carlos Sampaio, entre 1920 y 1922, comenzaron los trabajos de saneamiento y embellecimiento de Lagoa Rodrigo de Freitas. Como resultado, la construcci\u00f3n del Canal da Barra, ahora conocido como Jardim de Alah, tambi\u00e9n comenz\u00f3 a tomar la calle hasta Calle Dias Ferreira y Delfim Moreira y sus cruces. El pr\u00f3ximo gobernador, Alaor Prata, continu\u00f3 el trabajo, ampliando la calle Leblon y el proyecto de urbanizaci\u00f3n.<\/p>\n<p>Junto con estas iniciativas de infraestructura, tambi\u00e9n hubo una gran divulgaci\u00f3n, realizada por empresas constructoras y empresas adjudicadoras. Los anuncios destacaron los beneficios para la salud del ba\u00f1o de mar. As\u00ed, el inter\u00e9s de las clases altas y los turistas extranjeros se despert\u00f3 por los atractivos naturales de las playas de la Zona Sur de R\u00edo.<\/p>\n<p>En la d\u00e9cada siguiente, en 1930, el importante urbanista franc\u00e9s Alfred Agache, responsable del Plan de Remodelaci\u00f3n y Embellecimiento de la Ciudad, proyecto del alcalde Prado J\u00fanior, ya consideraba a Leblon como un barrio noble, de residencia burguesa y rica.<\/p>\n<h2>CIRCUITO DE CARRERAS<\/h2>\n<p>\u00a0<\/p>\n<p>\u00a1Tambi\u00e9n fue durante la d\u00e9cada de 1930 que el vecindario ingres\u00f3 al circuito de eventos automovil\u00edsticos en la ciudad de R\u00edo! La primera competici\u00f3n del Circuito de Carreras de G\u00e1vea en Leblon se celebr\u00f3 en 1933 en el I Gran Premio de la Ciudad.<\/p>\n<p>\u00a0<\/p>\n<p><img loading=\"lazy\" decoding=\"async\" class=\"alignnone size-medium wp-image-13576\" style=\"font-size: 1rem;\" src=\"https:\/\/freewalkertours.com\/wp-content\/uploads\/2025\/03\/Helle_Nice_Rio_de_Janeiro_1936-600x356-1.png\" alt=\"corridas leblon\" width=\"600\" height=\"356\" \/><\/p>\n<p>Los competidores bajaron a Visconde de Albuquerque y pasaron por la Avenida Niemeyer, volviendo por la carretera de G\u00e1vea. \u00a1Los eventos automovil\u00edsticos fueron muy populares en la ciudad y atrajeron a muchos participantes, nacionales y extranjeros! La \u00faltima competencia tuvo lugar en 1954.<\/p>\n<p>\u00a0<\/p>\n<h2>VALORACI\u00d3N DE LEBLON<\/h2>\n<p>\u00a0<\/p>\n<p><img loading=\"lazy\" decoding=\"async\" class=\"alignnone size-medium wp-image-13579\" src=\"https:\/\/freewalkertours.com\/wp-content\/uploads\/2025\/03\/Vista_do_Leblon-600x450-1.jpg\" alt=\"pr\u00e9dios leblon\" width=\"600\" height=\"450\" \/><\/p>\n<p>\u00a0<\/p>\n<p>En la segunda mitad del siglo XX, la apreciaci\u00f3n del \u00e1rea condujo a la especulaci\u00f3n inmobiliaria. Durante este per\u00edodo, muchas mansiones tradicionales fueron demolidas para la construcci\u00f3n de edificios de lujo. En este contexto, se hizo imprescindible eliminar las ocupaciones m\u00e1s populares que difer\u00edan de las aspiraciones inmobiliarias del vecindario.<\/p>\n<p>Con los a\u00f1os, se ha formado una serie de favelas alrededor de la laguna Rodrigo de Freitas. El desarrollo de la Zona Sur de la ciudad aument\u00f3 la oferta de empleos en el \u00e1rea de servicios y construcci\u00f3n civil. Esto atrajo a los residentes de las clases m\u00e1s desfavorecidas de la regi\u00f3n, muchos de ellos inmigrantes del noreste.<\/p>\n<p>El inter\u00e9s del mercado inmobiliario tambi\u00e9n cre\u00f3 una gran presi\u00f3n que result\u00f3 en pol\u00edticas higienistas. Dichas pol\u00edticas buscaban eliminar los barrios marginales de la Zona Sur y el centro, llevando a sus residentes a urbanizaciones precarias y distantes. Estos proyectos tuvieron su per\u00edodo m\u00e1s radical durante los gobiernos de Carlos Lacerda y Negr\u00e3o de Lima, en los a\u00f1os 50 y 60 respectivamente, intensific\u00e1ndose durante el r\u00e9gimen militar.<\/p>\n<p>\u00a0<\/p>\n<h2>ELIMINACI\u00d3N DE LAS FAVELAS<\/h2>\n<p>\u00a0<\/p>\n<p>En 1968, se cre\u00f3 la Coordinaci\u00f3n de Vivienda de Inter\u00e9s Social del \u00c1rea Metropolitana (CHISAM), responsable de tales proyectos. Poco despu\u00e9s, los miembros de la Federaci\u00f3n de Asociaciones de Favelas del Estado de Guanabara, con cerca de 100 favelas asociadas, enviaron un documento al Congreso rechazando los proyectos de remoci\u00f3n de CHISAM.<\/p>\n<p>La Federaci\u00f3n se moviliz\u00f3 contra la eliminaci\u00f3n de la favela Ilha das Dragas, alrededor de la laguna Rodrigo de Freitas. Luego, sus l\u00edderes fueron arrestados por la polic\u00eda y amenazados con graves consecuencias si hubiera un nuevo intento de oposici\u00f3n. As\u00ed, la Federaci\u00f3n puso fin a la resistencia organizada y los residentes aceptaron la remoci\u00f3n.<\/p>\n<h2>FAVELA PRAIA DO PINTO<\/h2>\n<p>\u00a0<\/p>\n<p>El mayor ejemplo de la brutalidad de las pol\u00edticas de higiene fue el barrio marginal m\u00e1s grande de la regi\u00f3n: el barrio marginal de Praia do Pinto. Formada en Leblon alrededor de la d\u00e9cada de 1930, al comienzo de la construcci\u00f3n del canal Jardim de Alah, la comunidad tuvo un final tr\u00e1gico.<\/p>\n<p>En 1969, la Coordinaci\u00f3n de Vivienda de Inter\u00e9s Social del \u00c1rea Metropolitana (CHISAM), en un documento oficial, declar\u00f3 que la favela \u00abdeber\u00eda ser totalmente erradicada\u00bb porque est\u00e1 en desacuerdo con los otros edificios del vecindario. Sin embargo, de manera org\u00e1nica y pac\u00edfica, los residentes de las favelas se negaron a irse.<\/p>\n<p>En la noche del 11 de mayo de 1969, se produjo un incendio en los barrios bajos. Aunque los residentes y vecinos llamaron a los bomberos, nunca vinieron. Por la ma\u00f1ana, casi todo hab\u00eda sido destruido, lo que facilit\u00f3 el proceso de expulsi\u00f3n de las familias. Edificios de apartamentos financiados por militares fueron construidos en el sitio.<\/p>\n<p>\u00a0<\/p>\n<h2>PATRIMONIO ARQUITECTONICO<\/h2>\n<p>\u00a0<\/p>\n<p>La mayor\u00eda de los edificios que vemos hoy en el vecindario fueron construidos entre los a\u00f1os 1940 y 1960. Los edificios tienen un promedio de 6 pisos, en diferentes estilos arquitect\u00f3nicos, como Art Deco, Modern y Modern. Con el intenso proceso de verticalizaci\u00f3n por el que pasaron los barrios de la Zona Sur en el siglo XX, todav\u00eda hay pocas casas de estilo neocolonial.<\/p>\n<p>Desde la d\u00e9cada de 1990, Leblon, as\u00ed como otros vecindarios de la Zona Sur, se ha convertido en un \u00c1rea de Protecci\u00f3n del Medio Ambiente Cultural (APAC). Por lo tanto, la ciudad de R\u00edo de Janeiro estipula pol\u00edticas p\u00fablicas que tienen como objetivo proteger el complejo arquitect\u00f3nico del barrio, sus caracter\u00edsticas culturales y el bienestar de la poblaci\u00f3n. Entre estas medidas, cabe destacar el l\u00edmite impuesto a las nuevas construcciones. Las medidas proh\u00edben los edificios que son demasiado altos, lo que tergiversar\u00eda la identidad del vecindario y aumentar\u00eda la densidad de viviendas.<\/p>\n<p>\u00a0<\/p>\n<h2>PRIMERAS OCUPACIONES<\/h2>\n<p>\u00a0<\/p>\n<p><img loading=\"lazy\" decoding=\"async\" class=\"alignnone size-medium wp-image-13582\" src=\"https:\/\/freewalkertours.com\/wp-content\/uploads\/2025\/03\/Desembarque_de_Pedro_Alvares_Cabral_em_Porto_Seguro_em_1500_by_Oscar_Pereira_da_Silva_1865\u20131939-600x388-1.jpg\" alt=\"pedro alvares brasil\" width=\"600\" height=\"388\" \/><\/p>\n<p>\u00a0<\/p>\n<p>Hay registros de que el restinga donde se encuentra hoy el barrio de Leblon estaba ocupado por grupos ind\u00edgenas mucho antes de la llegada de los colonizadores portugueses. \u00a1Ya exist\u00edan algunos asentamientos en el siglo VI!<\/p>\n<p>Los franceses ya mapearon un pueblo de Tamoia Karian\u00e9 en esta \u00e1rea en 1558. Sin embargo, los pobladores de Tamoian en la regi\u00f3n ser\u00edan diezmados m\u00e1s tarde por los colonos. Una figura importante en este proceso fue Ant\u00f4nio de Salema. Un jurista portugu\u00e9s de Alc\u00e1cer do Sal, entrenado en Coimbra, Salema asumi\u00f3 el gobierno de la Capitan\u00eda de R\u00edo de Janeiro y la parte sur de Brasil en 1575.<\/p>\n<p>Durante los 3 a\u00f1os que estuvo a cargo del gobierno, Salema decidi\u00f3 desarrollar su propia empresa en el \u00e1rea. Siguiendo los pasos de su predecesor en el gobierno, el Provedor da Fazenda Real Crist\u00f3v\u00e3o de Barros, pionero en la creaci\u00f3n del molino de ca\u00f1a en Mag\u00e9 en 1573, Salema estaba dispuesto a crear un molino en el sitio.<\/p>\n<p>En este per\u00edodo de colonizaci\u00f3n, la Corona cre\u00f3 incentivos para desarrollar la producci\u00f3n de az\u00facar en Brasil, entre los m\u00e1s atractivos fue la exenci\u00f3n de impuestos por 10 a\u00f1os.<\/p>\n<p>Al ver un gran potencial en la ubicaci\u00f3n llena de arroyos, el molino fue dise\u00f1ado para funcionar con agua. Por lo tanto, el gobernador decide atacar las aldeas presentes en Leblon, Lagoa e Ipanema.<\/p>\n<p>El gobernador, que ten\u00eda una gran aversi\u00f3n a los habitantes nativos, orden\u00f3 que las ropas que usaban los pacientes con viruela fueran arrojadas a las orillas de la laguna. Por lo tanto, pueblos enteros se infectaron en lo que puede considerarse la primera guerra biol\u00f3gica en las Am\u00e9ricas.<\/p>\n<p>\u00a0<\/p>\n<h2>LOS INGENIOS<\/h2>\n<p>\u00a0<\/p>\n<p>Salema luego orden\u00f3 un ingenio de ca\u00f1a, llamado D\u2019El Rei, donde hoy se encuentra el Jard\u00edn Bot\u00e1nico. Sin embargo, en 1584 se vendi\u00f3 el ingenio ya que el negocio no tuvo \u00e9xito.<\/p>\n<p>A\u00f1os m\u00e1s tarde, bajo la posesi\u00f3n del concejal Diogo de Amorim Soares, ingenio pas\u00f3 a llamarse ingenio Nuestra Se\u00f1ora de Concei\u00e7\u00e3o da Lagoa. A partir de 1609, el ingenio sufri\u00f3 importantes reformas bajo la administraci\u00f3n de su nuevo propietario, Sebasti\u00e3o Fagundes Varela, yerno del ex concejal.<\/p>\n<p>\u00a0<\/p>\n<p><img loading=\"lazy\" decoding=\"async\" class=\"alignnone size-medium wp-image-13585\" style=\"font-size: 1rem;\" src=\"https:\/\/freewalkertours.com\/wp-content\/uploads\/2025\/03\/Engenho_de_acucar_1816-600x445-1.jpg\" alt=\"engenho a\u00e7ucar 1816\" width=\"600\" height=\"445\" \/><\/p>\n<p>\u00a0<\/p>\n<p>Para ampliar las instalaciones del ingenio, Fagundes Varela adquiri\u00f3 otras tierras m\u00e1s cercanas al borde de la zona sur de R\u00edo de Janeiro. Tomado de los indios Tamoio, estas tierras se dividieron entre unas pocas familias de origen portugu\u00e9s.<\/p>\n<p>El concejal Ant\u00f4nio de Pacheco Calheiros pose\u00eda tierras que iban desde Lagoa, pasando por la antigua \u00abcosta brava\u00bb (ahora Leblon), hasta Vidigal. Afonso Fernandes, por otro lado, recibi\u00f3 una carta sesmar\u00eda de la c\u00e1mara con derechos sobre las tierras que iban desde el P\u00e3o de A\u00e7\u00facar hasta la playa Jo\u00e3o de Souza, hoy Botafogo. Estas tierras hoy comprenden la extensi\u00f3n completa de Leme a Leblon.<\/p>\n<p>\u00a0<\/p>\n<h2>LAGOA RODRIGO DE FREITAS<\/h2>\n<p>\u00a0<\/p>\n<p>Poco a poco, Sebasti\u00e3o Fagundes Varela adquiri\u00f3 m\u00e1s tierras. Con tales expansiones, Fagundes Varela comenz\u00f3 a explorar las tierras como pasto para su cr\u00eda de ganado y tambi\u00e9n extrajo madera para su ingenio. Sus tierras comprend\u00edan toda la extensi\u00f3n del actual Humait\u00e1, llegando hasta Leblon.<\/p>\n<p>Otra figura prominente en la familia fue su bisnieta, do\u00f1a Petronilha Fagundes, quien hered\u00f3 todas estas tierras. Petronilha era famosa por ser una solterona de treinta a\u00f1os. \u00a1Un verdadero esc\u00e1ndalo en un momento en que las ni\u00f1as se casaban en la adolescencia! A pesar de una buena coincidencia debido a sus posesiones, \u00a1solo en 1702 se cas\u00f3 Petronilha con el oficial de caballer\u00eda portugu\u00e9s Rodrigo de Freitas de Carvalho, que entonces ten\u00eda 16 a\u00f1os! El matrimonio dur\u00f3 quince a\u00f1os, hasta que la heredera falleci\u00f3.<\/p>\n<p>\u00a0<\/p>\n<p><img loading=\"lazy\" decoding=\"async\" class=\"alignnone size-medium wp-image-13588\" src=\"https:\/\/freewalkertours.com\/wp-content\/uploads\/2025\/03\/1_lagoa_rodrigo_de_freitas_rio_de_janeiro_2010-600x364-1.jpg\" alt=\"lagoa rodrigo de freitas\" width=\"600\" height=\"364\" \/><\/p>\n<p>\u00a0<\/p>\n<p>El viudo Rodrigo de Freitas regres\u00f3 a Portugal, donde muri\u00f3 en 1748 en su granja en Suariba. Sus tierras en R\u00edo de Janeiro terminaron gan\u00e1ndose su nombre. Hasta hoy Lagoa Rodrigo de Freitas, que tambi\u00e9n era parte de la inmensa propiedad, lleva su nombre. Eternalizado en uno de los lugares m\u00e1s famosos de la ciudad, su mayor haza\u00f1a fue haberse casado con una mujer rica.<\/p>\n<p>Despu\u00e9s de la muerte del viudo, la tierra fue dividida y vendida a otras familias. El \u00e1rea termin\u00f3 siendo abandonada hasta principios del siglo XIX. Es importante se\u00f1alar que en ese momento no hab\u00eda construcci\u00f3n residencial cerca de la playa, ya que en 1645 el entonces gobernador Duarte Corr\u00eaa Vasqueanes prohibi\u00f3 a los pescadores construir sus casas en la costa por temor a posibles invasiones holandesas en R\u00edo de Janeiro.<\/p>\n<p>\u00a0<\/p>\n<h2>F\u00c1BRICA DE P\u00d3LVORA<\/h2>\n<p>\u00a0<\/p>\n<p>Con la llegada de la familia real portuguesa, se produjeron cambios importantes. En un decreto del 13 de junio de 1808, el pr\u00edncipe regente Dom Jo\u00e3o orden\u00f3 la creaci\u00f3n de una f\u00e1brica de p\u00f3lvora, expropiando las instalaciones del antiguo molino. En las tierras circundantes, se cre\u00f3 el Real Horto Bot\u00e2nico, que m\u00e1s tarde dar\u00eda lugar al Jard\u00edn Bot\u00e1nico de R\u00edo de Janeiro.<\/p>\n<p>\u00a0<\/p>\n<p><img loading=\"lazy\" decoding=\"async\" class=\"alignnone size-medium wp-image-13591\" src=\"https:\/\/freewalkertours.com\/wp-content\/uploads\/2025\/03\/Thomas_Ender_Fabrica_de_Polvora-600x374-1.jpg\" alt=\"Thomas_Ender_F\u00e1brica_de_P\u00f3lvora\" width=\"600\" height=\"374\" \/><\/p>\n<p>\u00a0<\/p>\n<p>Los cambios no fueron bien recibidos y en 1809, cuando fue a visitar estas tierras, Dom Jo\u00e3o fue blanco de protestas. \u00a1El supervisor del molino y algunos esclavos se bajaron los pantalones durante el paso del pr\u00edncipe regente! Como castigo, los esclavos fueron arrestados, \u00a1mientras que el capataz y los terratenientes perdieron todos sus favores y favores!<\/p>\n<p>\u00a0<\/p>\n<p>Por lo tanto, la bisnieta de Rodrigo de Freitas, do\u00f1a Mar\u00eda Eleonor de Freitas Mello e Castro, perdi\u00f3 el derecho a la tierra por sentencia en 1810, recibiendo compensaci\u00f3n solo en 1826. La tierra se incorpor\u00f3 a la propiedad nacional. Las tierras frente al mar que no eran de inter\u00e9s para los fines del Jard\u00edn Bot\u00e1nico fueron transferidas.<\/p>\n<h2>CHARLES LEBLON<\/h2>\n<p>\u00a0<\/p>\n<p>En las primeras d\u00e9cadas de 1800, toda la frontera de la zona sur se conoc\u00eda como Fazenda de Copacabana, pasando por diferentes propietarios. En 1845, el empresario franc\u00e9s Charles Leblon compr\u00f3 la tierra y cre\u00f3 su granja al final de la playa. La granja se conocer\u00eda como O Campo do Leblon. All\u00ed, el franc\u00e9s tambi\u00e9n fund\u00f3 su compa\u00f1\u00eda ballenera llamada Alian\u00e7a.<\/p>\n<p>\u00a0<\/p>\n<p><img loading=\"lazy\" decoding=\"async\" class=\"alignnone size-medium wp-image-13594\" src=\"https:\/\/freewalkertours.com\/wp-content\/uploads\/2025\/03\/Arpoador_RJ-600x225-1.jpg\" alt=\"Arpoador_RJ\" width=\"600\" height=\"225\" \/><\/p>\n<p>\u00a0<\/p>\n<p>Durante este per\u00edodo, esta actividad fue bastante lucrativa en la ciudad de R\u00edo de Janeiro, ya que los cachalotes se ve\u00edan com\u00fanmente en la costa y la demanda de su petr\u00f3leo era muy alta. El aceite de ballena se us\u00f3 como una especie de concreto en la construcci\u00f3n civil, que estaba experimentando un verdadero auge con est\u00edmulos para el crecimiento en el Segundo Imperio.<\/p>\n<p>El aceite tambi\u00e9n se utiliz\u00f3 como combustible para iluminar la ciudad. Desde 1841, ha habido una gran demanda del producto con los proyectos de Dom Pedro II para expandir el alumbrado p\u00fablico de las calles de R\u00edo con l\u00e1mparas a base de aceite. \u00a1Tambi\u00e9n es debido a este per\u00edodo que otro punto famoso de la ciudad recibe su nombre! \u00a1Las rocas en la playa se llamaban Arpoador porque las ballenas fueron atrapadas desde lo alto de ellas!<\/p>\n<p>\u00a0<\/p>\n<h2>FIN DE LA PESCA DE BALLENAS<\/h2>\n<p>\u00a0<\/p>\n<p>M\u00e1s tarde, en 1851, la ciudad de R\u00edo de Janeiro comenz\u00f3 los trabajos para cambiar el sistema de iluminaci\u00f3n, utilizando gas. Bajo el mando de Irineu Evangelista de Souza, el famoso empresario mejor conocido como Visconde de Mau\u00e1, se instalaron los primeros puestos en la Calle Direita, hoy Calle Primeiro de Mar\u00e7o. El 25 de marzo de 1854 se inaugur\u00f3 el servicio en la ciudad, lo que llev\u00f3 a la iluminaci\u00f3n gas a otros barrios adem\u00e1s del centro.<\/p>\n<p>Como consecuencia, la pesca de ballenas en el borde de R\u00edo dej\u00f3 de ser un negocio tan lucrativo, lo que llev\u00f3 a Charles Leblon a vender su tierra en 1857. Bajo el mando del empresario Francisco Jos\u00e9 Fialho, las extensiones de la propiedad pasaron de la actual Calle Bar\u00e3o de Ipanema, en Copacabana, a la cima de la colina Dois Irm\u00e3os.<\/p>\n<p>Sin embargo, en 1878, Fialho decidi\u00f3 vender estas tierras, dividi\u00e9ndolas en dos lotes. El lote uno es lo que ahora conocemos como el barrio de Leblon y en ese momento estaba dividido en tres grandes granjas. Uno de ellos fue vendido al portugu\u00e9s Jos\u00e9 de Guimar\u00e3es Seixas, quien luego se convertir\u00eda en una figura prominente en la regi\u00f3n, dando la bienvenida a los esclavos fugitivos en sus tierras.<\/p>\n<p>\u00a0<\/p>\n<p>\u00a1Aprenda m\u00e1s sobre <a href=\"https:\/\/freewalkertours.com\/es\/historia-de-rio-de-janeiro\/\">La Historia de R\u00edo de Janeiro<\/a>!<\/p>\n","protected":false},"excerpt":{"rendered":"<p>Leblon \u00a0 Inmortalizado como escenario de varias novelas, Leblon es conocido por la belleza natural de su playa, sus calles tranquilas y su gastronom\u00eda. La direcci\u00f3n es preferida por muchas celebridades. \u00a1Hoy Leblon es la zona m\u00e1s exclusiva de R\u00edo de Janeiro y el metro cuadrado m\u00e1s caro de Brasil! \u00a0 \u00a0 Leblon obtuvo su [&hellip;]<\/p>\n","protected":false},"author":1,"featured_media":22420,"comment_status":"open","ping_status":"open","sticky":false,"template":"","format":"standard","meta":{"_acf_changed":false,"footnotes":""},"categories":[55,41,1,45,53],"tags":[],"destino":[59],"class_list":["post-22915","post","type-post","status-publish","format-standard","has-post-thumbnail","hentry","category-consejos-e-itinerarios","category-curiosidades-es","category-fwt","category-historia-y-cultura","category-rio-de-janeiro-es","destino-rio-de-janeiro"],"acf":[],"_links":{"self":[{"href":"https:\/\/freewalkertours.com\/es\/wp-json\/wp\/v2\/posts\/22915","targetHints":{"allow":["GET"]}}],"collection":[{"href":"https:\/\/freewalkertours.com\/es\/wp-json\/wp\/v2\/posts"}],"about":[{"href":"https:\/\/freewalkertours.com\/es\/wp-json\/wp\/v2\/types\/post"}],"author":[{"embeddable":true,"href":"https:\/\/freewalkertours.com\/es\/wp-json\/wp\/v2\/users\/1"}],"replies":[{"embeddable":true,"href":"https:\/\/freewalkertours.com\/es\/wp-json\/wp\/v2\/comments?post=22915"}],"version-history":[{"count":1,"href":"https:\/\/freewalkertours.com\/es\/wp-json\/wp\/v2\/posts\/22915\/revisions"}],"predecessor-version":[{"id":22916,"href":"https:\/\/freewalkertours.com\/es\/wp-json\/wp\/v2\/posts\/22915\/revisions\/22916"}],"wp:featuredmedia":[{"embeddable":true,"href":"https:\/\/freewalkertours.com\/es\/wp-json\/wp\/v2\/media\/22420"}],"wp:attachment":[{"href":"https:\/\/freewalkertours.com\/es\/wp-json\/wp\/v2\/media?parent=22915"}],"wp:term":[{"taxonomy":"category","embeddable":true,"href":"https:\/\/freewalkertours.com\/es\/wp-json\/wp\/v2\/categories?post=22915"},{"taxonomy":"post_tag","embeddable":true,"href":"https:\/\/freewalkertours.com\/es\/wp-json\/wp\/v2\/tags?post=22915"},{"taxonomy":"destino","embeddable":true,"href":"https:\/\/freewalkertours.com\/es\/wp-json\/wp\/v2\/destino?post=22915"}],"curies":[{"name":"wp","href":"https:\/\/api.w.org\/{rel}","templated":true}]}}