{"id":22790,"date":"2025-03-25T17:29:58","date_gmt":"2025-03-25T20:29:58","guid":{"rendered":"https:\/\/freewalkertours.com\/blog\/marzo-mes-de-la-mujer-entienda-por-que\/"},"modified":"2025-06-30T18:07:59","modified_gmt":"2025-06-30T21:07:59","slug":"marzo-mes-de-la-mujer-entienda-por-que","status":"publish","type":"post","link":"https:\/\/freewalkertours.com\/es\/marzo-mes-de-la-mujer-entienda-por-que\/","title":{"rendered":"Marzo: mes de la mujer \u2013 entienda por qu\u00e9"},"content":{"rendered":"<h2>MARZO: EL MES DE LAS MUJERES<\/h2>\n<p>Sabemos que el 8 de marzo se considera el D\u00eda Internacional de la Mujer. M\u00e1s all\u00e1 de esa fecha, el mes de marzo se considera un mes de lucha por los derechos de las mujeres. \u00a1Comprendamos mejor! Lea.<\/p>\n<h2>FECHA CONMEMORATIVA<\/h2>\n<p>Al principio, este proceso de lucha hist\u00f3rica de las mujeres estaba estrechamente relacionado con el tema de la desigualdad salarial. Pero a medida que pasaba el tiempo, se observ\u00f3 que era necesario luchar por otros derechos para las mujeres en la sociedad. Por esta raz\u00f3n, esta lucha actualmente involucra desigualdad salarial, pero tambi\u00e9n la lucha contra la violencia y el machismo.<\/p>\n<p><img fetchpriority=\"high\" decoding=\"async\" class=\"alignnone size-medium wp-image-12663\" src=\"https:\/\/freewalkertours.com\/wp-content\/uploads\/2025\/03\/We_Can_Do_It-464x600-1.jpg\" alt=\"\" width=\"464\" height=\"600\" \/><\/p>\n<h2>HISTORIA DETR\u00c1S DE LA FECHA<\/h2>\n<p>La historia que existe debido a la elecci\u00f3n del 8 de marzo, marca una serie de eventos de movilizaci\u00f3n pol\u00edtica a lo largo del siglo XX. En realidad, hay dos versiones de los hechos. Entenda mejor.<\/p>\n<h3>PRIMERA VERSI\u00d3N<\/h3>\n<p>Esta es la versi\u00f3n m\u00e1s conocida. La historia cuenta que el 8 de marzo de 1857, m\u00e1s de 100 trabajadores murieron carbonizados en un incendio ocurrido en las instalaciones de una f\u00e1brica textil en Nueva York. El incendio fue presuntamente causado por el due\u00f1o de la f\u00e1brica, descontento con las huelgas y manifestaciones de los trabajadores.<\/p>\n<p><img decoding=\"async\" class=\"alignnone size-full wp-image-12666\" src=\"https:\/\/freewalkertours.com\/wp-content\/uploads\/2025\/03\/operarias-mulheres.jpg\" alt=\"\" width=\"245\" height=\"205\" \/><\/p>\n<p>Sin embargo, esta historia es FALSA!<\/p>\n<h3>DETALLE<\/h3>\n<p>En el a\u00f1o 1910 en la ciudad de Copenhague (Dinamarca), tuvo lugar el II Congreso Internacional de Mujeres Socialistas. En este evento, un miembro del Partido Comunista Alem\u00e1n, Clara Zetkin sugiri\u00f3 la creaci\u00f3n de un D\u00eda Internacional de la Mujer. La fecha, sin embargo, permaneci\u00f3 abierta.<\/p>\n<h3>SEGUNDA VERSI\u00d3N<\/h3>\n<p>La segunda versi\u00f3n, por otro lado, afirma que el incendio realmente ocurri\u00f3 el 25 de marzo de 1911 en Nueva York. La f\u00e1brica era la Triangle Shirtwaist Company, hab\u00eda m\u00e1s de 140 v\u00edctimas, la mayor\u00eda de ellas mujeres. Este evento es un hito importante en la elecci\u00f3n del D\u00eda de la Mujer.<\/p>\n<p>Las razones del incendio fueron las instalaciones el\u00e9ctricas inadecuadas que, junto con la presencia de tela dispersa por todo el sitio y el piso de la f\u00e1brica, encontraron las condiciones perfectas para el incendio.<\/p>\n<p><img decoding=\"async\" class=\"alignnone size-full wp-image-12669\" src=\"https:\/\/freewalkertours.com\/wp-content\/uploads\/2025\/03\/incendio-2.jpg\" alt=\"\" width=\"293\" height=\"172\" \/><\/p>\n<h3>PUEDES IMAGINAR?<\/h3>\n<p>Era com\u00fan durante este per\u00edodo que los due\u00f1os de f\u00e1bricas cerraran sus puertas como una forma de contener huelgas y manifestaciones. Seg\u00fan la historia, las puertas de la f\u00e1brica Triangle estaban cerradas cuando estall\u00f3 el incendio, por esa raz\u00f3n la gran cantidad de v\u00edctimas.<\/p>\n<p><img loading=\"lazy\" decoding=\"async\" class=\"alignnone size-full wp-image-12039\" src=\"https:\/\/freewalkertours.com\/wp-content\/uploads\/2025\/03\/incendio.jpg\" alt=\"incendio\" width=\"570\" height=\"445\" \/><\/p>\n<h2>CONSECUENCIAS DE LOS OCURRIDOS<\/h2>\n<p>A pesar de la tragedia, se observ\u00f3 que las condiciones de trabajo eran terribles y se reconoci\u00f3 la lucha y el compromiso pol\u00edtico de las mujeres en la b\u00fasqueda de mejores condiciones de trabajo y salarios. De esta lucha, surge la necesidad de reconocer el D\u00eda Internacional de la Mujer, debido a la fuerza que representan. \u00bfRecuerdas a Clara Zetkin?<\/p>\n<h3>POR ESO<\/h3>\n<p>De hecho, el incendio de 1911 fue sugerido como el d\u00eda de la mujer. Varios movimientos que buscan otorgar derechos laborales y electorales a las mujeres sucederon en los Estados Unidos y Europa en el siglo XIX.<\/p>\n<h3>EN RUSIA<\/h3>\n<p>El a\u00f1o 1917 estuvo marcado en Rusia, por un ciclo revolucionario, que incluso termin\u00f3 con la monarqu\u00eda zarista. En este escenario, el 8 de marzo de 1917, las mujeres que trabajaban en el sector del tejido se declararon en huelga. Buscaron apoyo en el sector metal\u00fargico de la planta.<\/p>\n<p><img loading=\"lazy\" decoding=\"async\" class=\"alignnone size-full wp-image-12675\" src=\"https:\/\/freewalkertours.com\/wp-content\/uploads\/2025\/03\/greve-geral-1917.jpg\" alt=\"\" width=\"271\" height=\"186\" \/><\/p>\n<p>La fecha fue marcada como un gran logro por las trabajadoras, nuevamente en la historia.<\/p>\n<h2>POR FIN LA ELECCI\u00d3N DE LA FECHA<\/h2>\n<p>Poco despu\u00e9s de la Segunda Guerra Mundial, el 8 de marzo se convirti\u00f3 en la fecha principal en honor a las mujeres, como consecuencia de la revoluci\u00f3n que tuvo lugar en Rusia. El mes de marzo tambi\u00e9n estuvo asociado con el incendio en Nueva York.<\/p>\n<p>El D\u00eda Internacional de la Mujer fue oficializado por las Naciones Unidas como una fecha conmemorativa solo en 1975. De hecho, 1975 fue declarado A\u00f1o Internacional de la Mujer, contra las desigualdades de g\u00e9nero y la discriminaci\u00f3n en todo el mundo.<\/p>\n<p><img loading=\"lazy\" decoding=\"async\" class=\"alignnone size-full wp-image-12678\" src=\"https:\/\/freewalkertours.com\/wp-content\/uploads\/2025\/03\/onu.jpg\" alt=\"\" width=\"300\" height=\"168\" \/><\/p>\n<h2>LA IMPORTANCIA DE LAS ACCIONES POR LAS MUJERES<\/h2>\n<p>Sabemos que incluso hoy existen innumerables casos de violencia contra las mujeres. \u00a1Estos son episodios de violencia dom\u00e9stica, abuso, acoso, desigualdad en el mercado laboral y sesgo de g\u00e9nero, en Brasil y en todo el mundo!<\/p>\n<p>La lucha de las mujeres tambi\u00e9n busca tener una voz activa y poder decidir qu\u00e9 hacer con sus propios cuerpos, el derecho de ir y venir. Por esta raz\u00f3n, el 8 de marzo es un d\u00eda de reflexi\u00f3n. Todos los otros d\u00edas del a\u00f1o, son d\u00edas de lucha por sus derechos.<\/p>\n<h2>ALGUNAS MUJERES IMPORTANTES DE LA HISTORIA BRASILEN\u00c3<\/h2>\n<p>Muchas mujeres fueron importantes para la historia de Brasil. Ense\u00f1aron nuestra cultura en todo el mundo y se tomaron decisiones importantes, gracias a ellos. Conoce a algunas.<\/p>\n<p>1- Uno de los hechos m\u00e1s importantes en la historia de nuestro pa\u00eds, fue la Independencia de Brasil, \u00bfverdad? \u00bfPero qui\u00e9n firm\u00f3 el decreto de separaci\u00f3n entre Brasil y Portugal? Fue <strong>Maria Leopoldina<\/strong>, quien fue como Princesa Regente de Brasil, en ausencia de Don Pedro. Interesante, \u00bfno?<\/p>\n<p><img loading=\"lazy\" decoding=\"async\" class=\"alignnone size-medium wp-image-12048\" src=\"https:\/\/freewalkertours.com\/wp-content\/uploads\/2025\/03\/Imperatriz-Leopoldina-458x600-1.png\" alt=\"Imperatriz-Leopoldina\" width=\"458\" height=\"600\" \/><\/p>\n<p>2- Otra mujer importante en la historia fue la <strong>Princesa Isabel<\/strong>, hija de Don Pedro II. Despu\u00e9s de la muerte de sus hermanos, ella se convertir\u00eda en la heredera del trono brasile\u00f1o. Don Pedro II sol\u00eda viajar y la dej\u00f3 como la Princesa Regente del pa\u00eds. En el \u00faltimo viaje de su padre, ella firm\u00f3 la Ley de Oro, que aboli\u00f3 la esclavitud en Brasil en 1888.<\/p>\n<p><img loading=\"lazy\" decoding=\"async\" class=\"alignnone size-medium wp-image-12681\" src=\"https:\/\/freewalkertours.com\/wp-content\/uploads\/2025\/03\/princesa-isabel-477x600-1.jpg\" alt=\"\" width=\"477\" height=\"600\" \/><\/p>\n<h3>CONSEJO<\/h3>\n<p>\u00bfQuieres saber m\u00e1s sobre la historia de Brasil? \u00danase a nuestro <a href=\"https:\/\/freewalkertours.com\/es\/rio-de-janeiro\/tours\/free-walking-tour-centro-y-lapa\/\"><strong>Walking Tour Centro y Lapa<\/strong><\/a>. Divi\u00e9rtete y aprende m\u00e1s detalles sobre el pa\u00eds, visitando los puntos principales donde sucedi\u00f3 la historia.<\/p>\n<p>3- <strong>Chiquinha Gonzaga<\/strong>, fue compositora, pianista y directora. Naci\u00f3 en R\u00edo de Janeiro, una pianista autodidacta, estren\u00f3 la opereta \u00abA Corte na Ro\u00e7a\u00bb y llam\u00f3 la atenci\u00f3n de los productores de la \u00e9poca. Se convirti\u00f3 en la primera directora brasile\u00f1a.<\/p>\n<p>Estaba involucrada en causas abolicionistas y en favor de los derechos de las mujeres. Precursor de las famosas marchinhas de carnaval, dej\u00f3 m\u00e1s de 2 mil composiciones. Como homenaje, el d\u00eda de su nacimiento, el 17 de octubre, fue declarado D\u00eda Nacional de la M\u00fasica Popular Brasile\u00f1a.<\/p>\n<p><img loading=\"lazy\" decoding=\"async\" class=\"alignnone size-full wp-image-12684\" src=\"https:\/\/freewalkertours.com\/wp-content\/uploads\/2025\/03\/Chiquinha_Gonzaga-1877.jpg\" alt=\"\" width=\"300\" height=\"471\" \/><\/p>\n<p>4- La pintora y dibujante <strong>Tarsila do Amaral<\/strong>, tambi\u00e9n forma parte de esta lista. Importante en la composici\u00f3n de los grandes nombres de los artistas modernistas brasile\u00f1os. Fue Tarsila quien pint\u00f3 la obra m\u00e1s cara de un artista brasile\u00f1o: Abaporu.<\/p>\n<p><img loading=\"lazy\" decoding=\"async\" class=\"alignnone size-full wp-image-12057\" src=\"https:\/\/freewalkertours.com\/wp-content\/uploads\/2025\/03\/tarsila-do-amaral.jpg\" alt=\"tarsila-do-amaral\" width=\"298\" height=\"169\" \/><\/p>\n<p>5- \u00bfY <strong>Carmen Miranda<\/strong>? \u00a1La chica portuguesa m\u00e1s brasile\u00f1a del mundo! Ella y la hermana Aurora tocaban marchinhas y samba en la radio. Pronto llam\u00f3 la atenci\u00f3n de la escena musical y se convirti\u00f3 en una exitosa cantante popular. Ten\u00eda caracter\u00edsticas muy llamativas que la convirti\u00f3 en una gran \u00edcone de la m\u00fasica y difundi\u00f3 la cultura brasile\u00f1a en todo el mundo.<\/p>\n<p><img loading=\"lazy\" decoding=\"async\" class=\"alignnone size-medium wp-image-12690\" src=\"https:\/\/freewalkertours.com\/wp-content\/uploads\/2025\/03\/carmem-miranda-461x600-1.jpg\" alt=\"\" width=\"461\" height=\"600\" \/><\/p>\n<p>Estas son solo algunas de las muchas mujeres que han logrado grandes cosas y marcaron la era y que deben ser orgullosamente recordadas por sus logros.<\/p>\n<h3>VALE RESALTAR<\/h3>\n<p>Las mujeres han conquistado un papel importante en las ciencias, las artes y la m\u00fasica brasile\u00f1a. Adem\u00e1s, el carnaval est\u00e1 marcado por bloques creados por mujeres. Ellas participan en la organizaci\u00f3n, la banda, el cuerpo art\u00edstico y varios otros espacios. Lea m\u00e1s sobre los bloques de <a href=\"https:\/\/freewalkertours.com\/pt-br\/carnaval-no-rio-de-janeiro\/\"><strong>Carnaval en R\u00edo de Janeiro<\/strong><\/a>.<\/p>\n<h2>EN R\u00cdO DE JANEIRO<\/h2>\n<p>En honor al D\u00eda Internacional de la Mujer, dos de los principales puntos tur\u00edsticos de la ciudad hicieron algo especial.<\/p>\n<p>El <a href=\"https:\/\/freewalkertours.com\/pt-br\/cristo-redentor-no-rio-de-janeiro-todos-os-detalhes\/\"><strong>Cristo Redentor<\/strong><\/a> se encendi\u00f3 en lila para celebrar el mes dedicado a las luchas y conquistas de las mujeres.<\/p>\n<p><img loading=\"lazy\" decoding=\"async\" class=\"alignnone size-medium wp-image-12063\" src=\"https:\/\/freewalkertours.com\/wp-content\/uploads\/2025\/03\/cristo-lilas-600x338-1.jpg\" alt=\"cristo-lilas\" width=\"600\" height=\"338\" \/><\/p>\n<p>El telef\u00e9rico del <a href=\"https:\/\/freewalkertours.com\/es\/pan-de-azucar-en-rio-de-janeiro-como-llegar\/\"><strong>Pan de Az\u00facar<\/strong><\/a> ofreci\u00f3 la promoci\u00f3n \u00abMujeres conmemorativas\u00bb. Esta promoci\u00f3n consisti\u00f3 en la venta de boletos a un precio de R$ 10.00 para mujeres. Por lo tanto, pod\u00edan visitar la atracci\u00f3n y celebrar la fecha en honor de las mujeres.<\/p>\n<h3>EN BRASIL<\/h3>\n<p>En algunos otros estados del pa\u00eds, el 8 de marzo estuvo marcado por marchas, manifestaciones y movimientos a favor de los derechos de las mujeres. Algunos eventos siguen durante todo el mes.<\/p>\n<p><img loading=\"lazy\" decoding=\"async\" class=\"alignnone size-medium wp-image-12696\" src=\"https:\/\/freewalkertours.com\/wp-content\/uploads\/2025\/03\/8m-2-600x337-1.jpg\" alt=\"\" width=\"600\" height=\"337\" \/><\/p>\n<p><img loading=\"lazy\" decoding=\"async\" class=\"alignnone size-medium wp-image-12699\" src=\"https:\/\/freewalkertours.com\/wp-content\/uploads\/2025\/03\/8m-600x399-1.jpg\" alt=\"\" width=\"600\" height=\"399\" \/><\/p>\n","protected":false},"excerpt":{"rendered":"<p>MARZO: EL MES DE LAS MUJERES Sabemos que el 8 de marzo se considera el D\u00eda Internacional de la Mujer. M\u00e1s all\u00e1 de esa fecha, el mes de marzo se considera un mes de lucha por los derechos de las mujeres. \u00a1Comprendamos mejor! Lea. FECHA CONMEMORATIVA Al principio, este proceso de lucha hist\u00f3rica de las [&hellip;]<\/p>\n","protected":false},"author":1,"featured_media":22775,"comment_status":"open","ping_status":"open","sticky":false,"template":"","format":"standard","meta":{"_acf_changed":false,"footnotes":""},"categories":[41,1,45,53],"tags":[],"destino":[59],"class_list":["post-22790","post","type-post","status-publish","format-standard","has-post-thumbnail","hentry","category-curiosidades-es","category-fwt","category-historia-y-cultura","category-rio-de-janeiro-es","destino-rio-de-janeiro"],"acf":[],"_links":{"self":[{"href":"https:\/\/freewalkertours.com\/es\/wp-json\/wp\/v2\/posts\/22790","targetHints":{"allow":["GET"]}}],"collection":[{"href":"https:\/\/freewalkertours.com\/es\/wp-json\/wp\/v2\/posts"}],"about":[{"href":"https:\/\/freewalkertours.com\/es\/wp-json\/wp\/v2\/types\/post"}],"author":[{"embeddable":true,"href":"https:\/\/freewalkertours.com\/es\/wp-json\/wp\/v2\/users\/1"}],"replies":[{"embeddable":true,"href":"https:\/\/freewalkertours.com\/es\/wp-json\/wp\/v2\/comments?post=22790"}],"version-history":[{"count":1,"href":"https:\/\/freewalkertours.com\/es\/wp-json\/wp\/v2\/posts\/22790\/revisions"}],"predecessor-version":[{"id":22791,"href":"https:\/\/freewalkertours.com\/es\/wp-json\/wp\/v2\/posts\/22790\/revisions\/22791"}],"wp:featuredmedia":[{"embeddable":true,"href":"https:\/\/freewalkertours.com\/es\/wp-json\/wp\/v2\/media\/22775"}],"wp:attachment":[{"href":"https:\/\/freewalkertours.com\/es\/wp-json\/wp\/v2\/media?parent=22790"}],"wp:term":[{"taxonomy":"category","embeddable":true,"href":"https:\/\/freewalkertours.com\/es\/wp-json\/wp\/v2\/categories?post=22790"},{"taxonomy":"post_tag","embeddable":true,"href":"https:\/\/freewalkertours.com\/es\/wp-json\/wp\/v2\/tags?post=22790"},{"taxonomy":"destino","embeddable":true,"href":"https:\/\/freewalkertours.com\/es\/wp-json\/wp\/v2\/destino?post=22790"}],"curies":[{"name":"wp","href":"https:\/\/api.w.org\/{rel}","templated":true}]}}