{"id":22585,"date":"2025-03-25T17:25:10","date_gmt":"2025-03-25T20:25:10","guid":{"rendered":"https:\/\/freewalkertours.com\/blog\/museo-nacional-en-rio-de-janeiro-200-anos-de-historia\/"},"modified":"2025-06-30T18:08:10","modified_gmt":"2025-06-30T21:08:10","slug":"museo-nacional-en-rio-de-janeiro-200-anos-de-historia","status":"publish","type":"post","link":"https:\/\/freewalkertours.com\/es\/museo-nacional-en-rio-de-janeiro-200-anos-de-historia\/","title":{"rendered":"Museo Nacional en R\u00edo de Janeiro: 200 a\u00f1os de historia"},"content":{"rendered":"<p>Una instituci\u00f3n con m\u00e1s de 200 a\u00f1os de existencia en la ciudad de R\u00edo de Janeiro, este es el Museo Nacional. Otro de los proyectos de la familia real de Portugal, construido despu\u00e9s de su llegada a Brasil para la promoci\u00f3n de la cultura en el pa\u00eds. Conoce todos los detalles del Museo Nacional en R\u00edo de Janeiro.<\/p>\n<h2>MUSEO NACIONAL EN R\u00cdO DE JANEIRO<\/h2>\n<p>El Museo Nacional se bas\u00f3 inicialmente en el Campo de Sant&#8217;Ana (actualmente Pra\u00e7a da Rep\u00fablica y el lugar donde el mariscal Deodoro da Fonseca celebr\u00f3 la Proclamaci\u00f3n de la Rep\u00fablica, el 15 de noviembre de 1889). Actualmente se encuentra en el barrio de S\u00e3o Crist\u00f3v\u00e3o, en la Quinta da Boa vista.<\/p>\n<p><img fetchpriority=\"high\" decoding=\"async\" class=\"alignnone size-full wp-image-11130\" src=\"https:\/\/freewalkertours.com\/wp-content\/uploads\/2025\/03\/campo-de-santana.jpg\" alt=\"campo-de-santana\" width=\"384\" height=\"295\" \/><\/p>\n<h2>UN POCO SOBRE LA QUINTA DA BOA VISTA<\/h2>\n<p>Quinta da Boa Vista era el lugar oficial de residencia de la familia real portuguesa. El palacio sirvi\u00f3 como residencia para la familia real portuguesa entre 1808 y 1821. El sitio alberg\u00f3 a la familia imperial brasile\u00f1a desde 1822 hasta 1889.<\/p>\n<p>Tambi\u00e9n fue sede de la primera Asamblea Constituyente republicana de 1889 a 1891. Este espacio fue destinado al museo en 1892. Vale la pena mencionar que los emperadores y princesas de la familia real tambi\u00e9n estuvieron siempre presentes en el <a href=\"https:\/\/freewalkertours.com\/es\/paco-imperial\/\"><strong>Pa\u00e7o Imperial<\/strong><\/a> ubicado en la <a href=\"https:\/\/freewalkertours.com\/es\/plaza-xv-lugar-historico-en-el-centro-de-rio\/\"><strong>Plaza XV<\/strong><\/a>.<\/p>\n<p>Siendo uno de los parques urbanos m\u00e1s grandes de la ciudad de R\u00edo, la Quinta tiene alrededor de 155 mil metros cuadrados. Todos los edificios que se encuentran dentro de los l\u00edmites del parque, como los jardines y lagos (obra del paisajista franc\u00e9s Auguste Glaziou), el Museo Nacional que funcionaba como el Palacio de la familia real, las estatuas y monumentos pueden ser vistos por los visitantes.<\/p>\n<p><img decoding=\"async\" class=\"alignnone size-medium wp-image-13111\" src=\"https:\/\/freewalkertours.com\/wp-content\/uploads\/2025\/03\/quinta-da-boa-vista-lago-600x397-1.jpg\" alt=\"\" width=\"600\" height=\"397\" \/><\/p>\n<h3>LUGAR PARA VISITAR<\/h3>\n<p>Con una gran \u00e1rea verde, Quinta da Boa vista es frecuentada por muchas personas, de todas las edades. Muchas personas incluso disfrutan de la regi\u00f3n para practicar deportes durante los d\u00edas de semana.<\/p>\n<p><img decoding=\"async\" class=\"size-medium wp-image-13120\" src=\"https:\/\/freewalkertours.com\/wp-content\/uploads\/2025\/03\/quinta-da-boa-vista2-600x450-1.jpg\" alt=\"\" width=\"600\" height=\"450\" \/><\/p>\n<p>Hay un bote de remos en el lago principal del espacio, se ofrecen canchas y recorridos multideportivos en el \u00e1rea. Todav\u00eda puede disfrutar de los jardines y hacer un picnic. Tambi\u00e9n hay un zool\u00f3gico en el espacio, que actualmente est\u00e1 en construcci\u00f3n y volver\u00e1 a trabajar pronto.<\/p>\n<p><img loading=\"lazy\" decoding=\"async\" class=\"size-medium wp-image-13114\" src=\"https:\/\/freewalkertours.com\/wp-content\/uploads\/2025\/03\/quinta-da-boa-vista-600x400-1.jpg\" alt=\"\" width=\"600\" height=\"400\" \/><\/p>\n<h3>CURIOSIDAD<\/h3>\n<p>\u00bfTe imaginas por qu\u00e9 el lugar se llama Quinta da Boa Vista? Simplemente por el edificio donde se instal\u00f3 la familia, hab\u00eda una vista privilegiada de la Bah\u00eda de Guanabara.<\/p>\n<p><img loading=\"lazy\" decoding=\"async\" class=\"alignnone size-medium wp-image-13117\" src=\"https:\/\/freewalkertours.com\/wp-content\/uploads\/2025\/03\/Quinta_da_Boa_Vista_Palacio_de_Sao_Cristovao_Museu_Nacional_RJ-600x400-1.jpg\" alt=\"\" width=\"600\" height=\"400\" \/><\/p>\n<h3>INFORMACI\u00d3N<\/h3>\n<p><strong>Direcci\u00f3n:<\/strong> Avenida Pedro II, s \/ n &#8211; S\u00e3o Crist\u00f3v\u00e3o<\/p>\n<p><strong>Horario de funcionamiento:<\/strong> todos los d\u00edas de 8 AM a 6 PM<\/p>\n<p><strong>Entrada libre<\/strong><\/p>\n<p><strong>C\u00f3mo llegar:<\/strong> metro y estaci\u00f3n de tren de S\u00e3o Crist\u00f3v\u00e3o<\/p>\n<h3>CONSEJO<\/h3>\n<p>\u00danete a nuestro <a href=\"https:\/\/freewalkertours.com\/es\/rio-de-janeiro\/tours\/free-walking-tour-centro-y-lapa\/\"><strong>Walking Tour Centro y Lapa!<\/strong><\/a> En este recorrido aprender\u00e1 m\u00e1s detalles sobre la historia de Brasil y la llegada de la familia real desde Portugal. Adem\u00e1s, estar\u00e1s en compa\u00f1\u00eda de un grupo muy divertido.<\/p>\n<h2>CREACI\u00d3N DEL MUSEO NACIONAL<\/h2>\n<p>El Museo Nacional fue fundado el 6 de junio de 1818 por Don Juan VI de Portugal, cuyo objetivo era promover la cultura y la econom\u00eda del pa\u00eds. Este espacio siempre ha funcionado como un museo de ciencias naturales, ten\u00eda colecciones de materiales bot\u00e1nicos, minerales, numism\u00e1tica, obras de arte y m\u00e1quinas.<\/p>\n<p>Fue considerada la instituci\u00f3n cient\u00edfica m\u00e1s antigua del pa\u00eds y uno de los museos de historia natural y antropolog\u00eda m\u00e1s grandes de Am\u00e9rica hasta 2018. Este edificio fue catalogado por el Instituto Nacional de Patrimonio Hist\u00f3rico y Art\u00edstico (IPHAN) en 1938. En 1946, el Museo Nacional se incorpor\u00f3 a la Universidad Federal de R\u00edo de Janeiro.<\/p>\n<p><img loading=\"lazy\" decoding=\"async\" class=\"alignnone size-medium wp-image-13123\" src=\"https:\/\/freewalkertours.com\/wp-content\/uploads\/2025\/03\/museu-antropologia-600x428-1.jpg\" alt=\"\" width=\"600\" height=\"428\" \/><\/p>\n<h3>COLECCI\u00d3N DEL MUSEO<\/h3>\n<p>El Museo Nacional albergaba la mayor colecci\u00f3n de historia natural y antropolog\u00eda de Am\u00e9rica Latina, ya que ten\u00eda la mayor cantidad de bienes culturales. La colecci\u00f3n del espacio conten\u00eda m\u00e1s de 20 millones de art\u00edculos. Estaban divididos en colecciones de ciencias naturales y antropol\u00f3gicas (zoolog\u00eda, bot\u00e1nica, geolog\u00eda y paleontolog\u00eda) y antropol\u00f3gica (etnolog\u00eda, arqueolog\u00eda y antropolog\u00eda biol\u00f3gica).<\/p>\n<h3>COLECCIONES<\/h3>\n<p>En las ciencias naturales en zoolog\u00eda hab\u00eda colecciones de conchas, corales y mariposas. La paleontolog\u00eda incluy\u00f3 un tipo de dinosaurio de Minas Gerais, el Maxakalissaurus.<\/p>\n<p><img loading=\"lazy\" decoding=\"async\" class=\"alignnone size-medium wp-image-13126\" src=\"https:\/\/freewalkertours.com\/wp-content\/uploads\/2025\/03\/mnrj-dinossauro2-600x375-1.jpg\" alt=\"\" width=\"600\" height=\"375\" \/><\/p>\n<p>Para las ciencias antropol\u00f3gicas, el f\u00f3sil humano m\u00e1s antiguo encontrado en el pa\u00eds, llamado \u00abLuzia\u00bb, \u200b\u200bforma parte de la colecci\u00f3n de Antropolog\u00eda Biol\u00f3gica. En etnolog\u00eda fueron los objetos que mostraron la riqueza de la cultura ind\u00edgena, la cultura afrobrasile\u00f1a y las culturas del Pac\u00edfico.<\/p>\n<p><img loading=\"lazy\" decoding=\"async\" class=\"alignnone size-medium wp-image-13129\" src=\"https:\/\/freewalkertours.com\/wp-content\/uploads\/2025\/03\/luzia-600x377-1.jpg\" alt=\"\" width=\"600\" height=\"377\" \/><\/p>\n<p>Adem\u00e1s de todas estas colecciones, una de las colecciones egipcias m\u00e1s grandes de Am\u00e9rica Latina. Esta colecci\u00f3n fue iniciada por Don Pedro I. La colecci\u00f3n de arte grecorromano fue iniciada por la emperatriz Teresa Cristina, con piezas de excavaci\u00f3n hechas en Pompeya.<\/p>\n<p><img loading=\"lazy\" decoding=\"async\" class=\"alignnone size-medium wp-image-13132\" src=\"https:\/\/freewalkertours.com\/wp-content\/uploads\/2025\/03\/greco-romano-600x451-1.jpg\" alt=\"\" width=\"600\" height=\"451\" \/><\/p>\n<p>La mayor\u00eda de los art\u00edculos proven\u00edan de colecciones iniciadas en el siglo XVIII, debido a los intereses de los miembros de la familia real portuguesa. Con m\u00e1s de 200 a\u00f1os, la colecci\u00f3n ha agregado piezas a trav\u00e9s de excavaciones, intercambios, donaciones y compras. Ofreci\u00f3 varios conjuntos representativos de producci\u00f3n humana y del mundo natural, de Brasil y de todas partes del mundo.<\/p>\n<p>El Museo Nacional tambi\u00e9n ten\u00eda una de las bibliotecas m\u00e1s grandes especializadas en ciencias naturales. Con m\u00e1s de 2.000 obras raras y m\u00e1s de 450.000 vol\u00famenes fueron registradas.<\/p>\n<h3>VALOR CIENT\u00cdFICO<\/h3>\n<p>A trav\u00e9s del valor cient\u00edfico e hist\u00f3rico de este espacio, se podr\u00edan escribir muchas investigaciones, tesis, disertaciones y monograf\u00edas. Por lo tanto, funcion\u00f3 como una instituci\u00f3n importante para los estudios universitarios en el pa\u00eds.<\/p>\n<p>Esta colecci\u00f3n sirvi\u00f3 como base principal para la investigaci\u00f3n realizada por los departamentos acad\u00e9micos del museo. Fueron actividades en todas las regiones del pa\u00eds y en otras partes del mundo, incluido el continente ant\u00e1rtico.<\/p>\n<p>En el \u00e1rea de ense\u00f1anza, se ofrecieron cursos en varias \u00e1reas de conocimiento en extensi\u00f3n, posgrado, especializaci\u00f3n y actividades educativas para el p\u00fablico.<\/p>\n<h3>M\u00c1S ALL\u00c1 DEL MUSEO NACIONAL<\/h3>\n<p>Algunas instituciones est\u00e1n bajo la administraci\u00f3n del Museo Nacional. Son: el \u00e1rea de Quinta da Boa Vista y el campus en otras ciudades de R\u00edo de Janeiro (en Saquarema) y Esp\u00edrito Santo.<\/p>\n<p>Incluso una de las revistas cient\u00edficas brasile\u00f1as m\u00e1s antiguas especializadas en ciencias naturales trabaj\u00f3 con la edici\u00f3n de los Archivos del Museo Nacional desde 1876.<\/p>\n<h3>OBJETIVO DEL MUSEO<\/h3>\n<p>Uno de los principales objetivos del Museo Nacional siempre ha sido promover y difundir el conocimiento a trav\u00e9s de su colecci\u00f3n. Tambi\u00e9n realizar investigaciones y capacitar recursos humanos y producir estudios cient\u00edficos. Y actu\u00f3 en la preservaci\u00f3n del patrimonio hist\u00f3rico, natural y cultural hasta 2018.<\/p>\n<h2>PROBLEMAS FINANCIEROS<\/h2>\n<p>El Museo Nacional ha pasado por muchos problemas financieros desde la d\u00e9cada de 2000. Con los recortes presupuestarios recurrentes, la cantidad transferida al espacio no fue suficiente para mantener el sitio. La estructura mostr\u00f3 signos de mala conservaci\u00f3n y una parte el\u00e9ctrica bien da\u00f1ada.<\/p>\n<p>Algunas habitaciones estaban cerradas debido a la imposibilidad de uso. No hubo recursos para la construcci\u00f3n de los nuevos anexos que se utilizar\u00edan para la investigaci\u00f3n y preservaci\u00f3n de partes de la colecci\u00f3n.<\/p>\n<h2>FUEGO EN EL MUSEO<\/h2>\n<p>Desafortunadamente, en la noche del 2 de septiembre de 2018, justo despu\u00e9s del cierre del horario de visitas, un gran incendio golpe\u00f3 el museo.<\/p>\n<p><img loading=\"lazy\" decoding=\"async\" class=\"alignnone size-medium wp-image-13135\" src=\"https:\/\/freewalkertours.com\/wp-content\/uploads\/2025\/03\/mnrj-incendio-600x450-1.jpg\" alt=\"\" width=\"600\" height=\"450\" \/><\/p>\n<p>A pesar de que el grupo de la Brigada de Bomberos lleg\u00f3 al lugar en poco tiempo despu\u00e9s de ser llamado, el fuego lleg\u00f3 a los tres pisos del edificio. Acab\u00f3 tomando proporciones fuera de control.<\/p>\n<p><img loading=\"lazy\" decoding=\"async\" class=\"alignnone size-medium wp-image-13138\" src=\"https:\/\/freewalkertours.com\/wp-content\/uploads\/2025\/03\/mnrj-incendio2-600x450-1.jpg\" alt=\"\" width=\"600\" height=\"450\" \/><\/p>\n<p>Alrededor de las 9:30 pm, varias colecciones y exposiciones que se encontraban en las partes frontales del edificio fueron completamente destruidas. Los guardias de seguridad lograron abandonar el espacio y no se reportaron v\u00edctimas. Sin embargo, m\u00e1s del 90% de la colecci\u00f3n del museo fue destruida. Incluso dejando su estructura a\u00fan m\u00e1s da\u00f1ada.<\/p>\n<p><img loading=\"lazy\" decoding=\"async\" class=\"alignnone size-medium wp-image-13141\" src=\"https:\/\/freewalkertours.com\/wp-content\/uploads\/2025\/03\/Museu_Nacional_apos_incendio-600x400-1.jpg\" alt=\"\" width=\"600\" height=\"400\" \/><\/p>\n<h3>DESPU\u00c9S DEL FUEGO<\/h3>\n<p>Se envi\u00f3 una nota oficial del Gobierno de Portugal, lamentando la inmensa p\u00e9rdida de la colecci\u00f3n cient\u00edfica, hist\u00f3rica y cultural para el pa\u00eds y el mundo entero. En enero de 2019 se realiz\u00f3 una exposici\u00f3n con las piezas que he podido salvarse del museo en llamas. La exposici\u00f3n tuvo lugar en el edificio Casa da Moeda.<\/p>\n<p><img loading=\"lazy\" decoding=\"async\" class=\"alignnone size-medium wp-image-13144\" src=\"https:\/\/freewalkertours.com\/wp-content\/uploads\/2025\/03\/mnrj-pos-incendeio-600x400-1.jpg\" alt=\"\" width=\"600\" height=\"400\" \/><\/p>\n<p>En el mismo a\u00f1o, se transfiri\u00f3 una cantidad al museo para obras para recuperar la colecci\u00f3n y la estructura del espacio. El monto fue aprobado por el Congreso Nacional y una gran parte del dinero transferido provino del Presupuesto Federal. La decisi\u00f3n sali\u00f3 despu\u00e9s de muchos debates sobre el mantenimiento de la instituci\u00f3n.<\/p>\n<p>Algunos pa\u00edses e instituciones ofrecieron ayuda en la recuperaci\u00f3n del Museo Nacional. Incluso algunos especialistas de otros pa\u00edses, vinieron a R\u00edo de Janeiro para ayudar con los trabajos de restauraci\u00f3n del espacio. Sin duda, el incendio que ocurri\u00f3 en el Museo Nacional entristeci\u00f3 al mundo entero.<\/p>\n<h2>ACTUALMENTE<\/h2>\n<p>Lamentablemente, las exposiciones del Museo Nacional est\u00e1n cerradas para visitar indefinidamente. Sin embargo, algunas reuniones semanales se realizan el segundo y cuarto domingo de cada mes. Se realizan de 10 AM a 4 PM a trav\u00e9s de la Secci\u00f3n de Asistencia de Ense\u00f1anza (SAE), que se realiza frente al Museo Nacional.<\/p>\n<p>Se exponen algunos materiales did\u00e1cticos de recolecci\u00f3n y actividades educativas para los visitantes de Quinta da Boa Vista. La participaci\u00f3n es completamente gratis. Este es un intento de mantener el Museo Nacional presente en actividades con el p\u00fablico.<\/p>\n<h2>AYUDA AL MUSEO NACIONAL<\/h2>\n<p>Si desea ayudar con la reconstrucci\u00f3n del Museo Nacional, hay algunos m\u00e9todos de contribuci\u00f3n disponibles. Ver m\u00e1s detalles en la p\u00e1gina: <a href=\"http:\/\/www.museunacional.ufrj.br\/destaques\/comoajudar.html\" target=\"_blank\" rel=\"noopener\"><strong>AYUDA AL MUSEO NACIONAL<\/strong><\/a><\/p>\n<p><img loading=\"lazy\" decoding=\"async\" class=\"alignnone size-medium wp-image-13147\" src=\"https:\/\/freewalkertours.com\/wp-content\/uploads\/2025\/03\/Museu_Nacional_do_Brasil-600x415-1.jpg\" alt=\"\" width=\"600\" height=\"415\" \/><\/p>\n<p>\u00bfTe gustar\u00eda saber un poco m\u00e1s sobre la historia del Museo Nacional? Cu\u00e9ntanos!<\/p>\n","protected":false},"excerpt":{"rendered":"<p>Una instituci\u00f3n con m\u00e1s de 200 a\u00f1os de existencia en la ciudad de R\u00edo de Janeiro, este es el Museo Nacional. Otro de los proyectos de la familia real de Portugal, construido despu\u00e9s de su llegada a Brasil para la promoci\u00f3n de la cultura en el pa\u00eds. Conoce todos los detalles del Museo Nacional en [&hellip;]<\/p>\n","protected":false},"author":1,"featured_media":18382,"comment_status":"open","ping_status":"open","sticky":false,"template":"","format":"standard","meta":{"_acf_changed":false,"footnotes":""},"categories":[41,1,45,53],"tags":[],"destino":[59],"class_list":["post-22585","post","type-post","status-publish","format-standard","has-post-thumbnail","hentry","category-curiosidades-es","category-fwt","category-historia-y-cultura","category-rio-de-janeiro-es","destino-rio-de-janeiro"],"acf":[],"_links":{"self":[{"href":"https:\/\/freewalkertours.com\/es\/wp-json\/wp\/v2\/posts\/22585","targetHints":{"allow":["GET"]}}],"collection":[{"href":"https:\/\/freewalkertours.com\/es\/wp-json\/wp\/v2\/posts"}],"about":[{"href":"https:\/\/freewalkertours.com\/es\/wp-json\/wp\/v2\/types\/post"}],"author":[{"embeddable":true,"href":"https:\/\/freewalkertours.com\/es\/wp-json\/wp\/v2\/users\/1"}],"replies":[{"embeddable":true,"href":"https:\/\/freewalkertours.com\/es\/wp-json\/wp\/v2\/comments?post=22585"}],"version-history":[{"count":1,"href":"https:\/\/freewalkertours.com\/es\/wp-json\/wp\/v2\/posts\/22585\/revisions"}],"predecessor-version":[{"id":22586,"href":"https:\/\/freewalkertours.com\/es\/wp-json\/wp\/v2\/posts\/22585\/revisions\/22586"}],"wp:featuredmedia":[{"embeddable":true,"href":"https:\/\/freewalkertours.com\/es\/wp-json\/wp\/v2\/media\/18382"}],"wp:attachment":[{"href":"https:\/\/freewalkertours.com\/es\/wp-json\/wp\/v2\/media?parent=22585"}],"wp:term":[{"taxonomy":"category","embeddable":true,"href":"https:\/\/freewalkertours.com\/es\/wp-json\/wp\/v2\/categories?post=22585"},{"taxonomy":"post_tag","embeddable":true,"href":"https:\/\/freewalkertours.com\/es\/wp-json\/wp\/v2\/tags?post=22585"},{"taxonomy":"destino","embeddable":true,"href":"https:\/\/freewalkertours.com\/es\/wp-json\/wp\/v2\/destino?post=22585"}],"curies":[{"name":"wp","href":"https:\/\/api.w.org\/{rel}","templated":true}]}}